{"id":27345,"date":"2020-09-27T15:33:10","date_gmt":"2020-09-27T15:33:10","guid":{"rendered":"https:\/\/armstrongyregion.com.ar\/diario\/?p=27345"},"modified":"2020-09-27T15:33:15","modified_gmt":"2020-09-27T15:33:15","slug":"en-samco-las-rosas-se-adecuo-una-sala-para-cuidados-de-pacientes-criticos","status":"publish","type":"post","link":"https:\/\/armstrongyregion.com.ar\/diario\/en-samco-las-rosas-se-adecuo-una-sala-para-cuidados-de-pacientes-criticos\/","title":{"rendered":"En SAMCo Las Rosas se adecu\u00f3 una sala para cuidados de pacientes cr\u00edticos"},"content":{"rendered":"\n<figure class=\"wp-block-image size-large\"><img loading=\"lazy\" decoding=\"async\" width=\"704\" height=\"529\" src=\"http:\/\/armstrongyregion.com.ar\/diario\/wp-content\/uploads\/2020\/09\/cama-terapia.jpg\" alt=\"\" class=\"wp-image-27346\" srcset=\"https:\/\/armstrongyregion.com.ar\/diario\/wp-content\/uploads\/2020\/09\/cama-terapia.jpg 704w, https:\/\/armstrongyregion.com.ar\/diario\/wp-content\/uploads\/2020\/09\/cama-terapia-300x225.jpg 300w\" sizes=\"auto, (max-width: 704px) 100vw, 704px\" \/><\/figure>\n\n\n\n<h2 class=\"wp-block-heading\"> Entrevista por Renacer Regional TV, el Dr. Alejandro Montagne explic\u00f3 al respecto. Tambi\u00e9n se refiri\u00f3 al uso de ibuprofeno inhalado y testeo al personal de salud. <\/h2>\n\n\n\n<p><em>\u00abHemos adecuado un lugar con toda la aparatolog\u00eda que se incluye en una sala de terapia, como ser un respirador mec\u00e1nico, una bomba de infusi\u00f3n, un desfribilador y un electrocardi\u00f3grafo, adem\u00e1s de contar con cama sin respaldo -especial para estos usos- y un panel donde se accede a ox\u00edgeno, aire comprimido y&nbsp;<br>aspiraci\u00f3n centralizadas. Adem\u00e1s consta de una barrera de protecci\u00f3n sanitaria, transparente, que permite observar al paciente y seguir su evoluci\u00f3n, teniendo tambi\u00e9n en el lugar el monitor multipar\u00e1metrico<\/em>\u201d, cuenta el Dr. Alejandro Montagne.&nbsp;<em>\u201cHoy las camas en la provincia de Santa Fe se encuentran casi todas ocupadas y a veces se hace muy dif\u00edcil que nosotros podamos derivar a un paciente que precise de terapia intensiva, entonces hasta tanto podamos conseguir el traslado tenemos las condiciones para brindarle en el hospital la atenci\u00f3n necesaria. Si bien nuestros m\u00e9dicos no son intensivistas muchas veces cumplen la funci\u00f3n de m\u00e9dico intensivista brindando esa asistencia\u201d.&nbsp;<\/em><\/p>\n\n\n\n<p>El profesional resalt\u00f3 que los elementos para adecuar esta sala, sean pl\u00e1sticos para la cortina de bioseguridad como las estructuras para montarla, fueron confeccionados por personal del mismo nosocomio.<em>\u00a0\u201cEsto es doblemente gratificante\u201d<\/em>, expres\u00f3.<\/p>\n\n\n\n<p>Insisti\u00f3 adem\u00e1s en la necesidad de gestionar para el futuro<em>&nbsp;\u201cuna sala de terapia intensiva definitiva, ya que tenemos estad\u00edsticamente comprobado por los servicios que brinda el hospital que existe el m\u00e9rito suficiente para que se concrete esta aspiraci\u00f3n, que lleva muchos a\u00f1os. Y no hay que esperar que pase la pandemia, este es el momento de ser firmes en ese reclamo\u201d.<\/em>&nbsp;<\/p>\n\n\n\n<figure class=\"wp-block-image\"><img decoding=\"async\" src=\"https:\/\/lasrosasdigital.com.ar\/download\/multimedia.normal.96c35fd1bf590ac8.61622063616d70616e615f6e6f726d616c2e6a7067.jpg\" alt=\"ab campana\"\/><\/figure>\n\n\n\n<p><strong>Ibuprofeno inhalado.<\/strong>&nbsp;\u201c<em>Nosotros ya en este momento tenemos la droga en el hospital y posiblemente en estos d\u00edas la vamos a empezar a aplicar. El uso del ibuprofeno est\u00e1 muy bien protocolizado, es de uso compasivo y no se puede aplicar a cualquier paciente. Seremos uno de los primeros centros de salud en usar esta medicaci\u00f3n. El Dr. Tamantini &nbsp;est\u00e1 encargado de todo esto y vamos a entrar a un estudio multic\u00e9ntrico con la Universidad de Harvard (EEUU), donde se enviar\u00e1n todos los reportes que hagamos, all\u00ed se van a se van a procesar los datos y vamos a ver la evoluci\u00f3n de este tratamiento<\/em>\u201d, dijo Montagne.<\/p>\n\n\n\n<p>Para su uso se precisa una campana de contenci\u00f3n, de pl\u00e1stico, que fue confeccionada tambi\u00e9n por el personal del SAMCo.<\/p>\n\n\n\n<figure class=\"wp-block-image\"><img decoding=\"async\" src=\"https:\/\/lasrosasdigital.com.ar\/download\/multimedia.normal.b5643c0468be87d8.6162206b6974735f6e6f726d616c2e6a7067.jpg\" alt=\"ab kits\"\/><\/figure>\n\n\n\n<p><strong>Testeo a personal de salud.<\/strong>&nbsp;El hospital ha recibido kits para testear por Covid 19 a todo su personal -medicos, enfermeras, personal de maestranza, cocina, limpieza, choferes- buscando determinar a partir de la existencia de anticuerpos cuantos ya han transcurrido la enfermedad, quiz\u00e1s de manera desapercibida. Las pruebas comenzar\u00e1n el pr\u00f3ximo martes 29 de septiembre, y se ha gestionado m\u00e1s kits para extender el an\u00e1lisis a personal de centros privados de salud.&nbsp;<\/p>\n","protected":false},"excerpt":{"rendered":"<p>Entrevista por Renacer Regional TV, el Dr. Alejandro Montagne explic\u00f3 al respecto. Tambi\u00e9n se refiri\u00f3 al uso de ibuprofeno inhalado y testeo al personal de salud. \u00abHemos adecuado un lugar con toda la aparatolog\u00eda que se incluye en una sala de terapia, como ser un respirador mec\u00e1nico, una bomba de infusi\u00f3n, un desfribilador y un <a href=\"https:\/\/armstrongyregion.com.ar\/diario\/en-samco-las-rosas-se-adecuo-una-sala-para-cuidados-de-pacientes-criticos\/\" title=\"Read more\" >&#8230;<\/a><\/p>\n","protected":false},"author":1,"featured_media":27346,"comment_status":"open","ping_status":"open","sticky":false,"template":"","format":"image","meta":{"_jetpack_memberships_contains_paid_content":false,"footnotes":"","jetpack_publicize_message":"","jetpack_publicize_feature_enabled":true,"jetpack_social_post_already_shared":true,"jetpack_social_options":{"image_generator_settings":{"template":"highway","default_image_id":0,"enabled":false},"version":2}},"categories":[8,1,4,3],"tags":[],"class_list":["post-27345","post","type-post","status-publish","format-image","has-post-thumbnail","hentry","category-deliberando","category-diario-armstrong","category-prevencion-salud","category-region","post_format-post-format-image"],"jetpack_publicize_connections":[],"jetpack_featured_media_url":"https:\/\/armstrongyregion.com.ar\/diario\/wp-content\/uploads\/2020\/09\/cama-terapia.jpg","jetpack_shortlink":"https:\/\/wp.me\/p62QDO-773","jetpack_sharing_enabled":true,"amp_enabled":true,"_links":{"self":[{"href":"https:\/\/armstrongyregion.com.ar\/diario\/wp-json\/wp\/v2\/posts\/27345","targetHints":{"allow":["GET"]}}],"collection":[{"href":"https:\/\/armstrongyregion.com.ar\/diario\/wp-json\/wp\/v2\/posts"}],"about":[{"href":"https:\/\/armstrongyregion.com.ar\/diario\/wp-json\/wp\/v2\/types\/post"}],"author":[{"embeddable":true,"href":"https:\/\/armstrongyregion.com.ar\/diario\/wp-json\/wp\/v2\/users\/1"}],"replies":[{"embeddable":true,"href":"https:\/\/armstrongyregion.com.ar\/diario\/wp-json\/wp\/v2\/comments?post=27345"}],"version-history":[{"count":1,"href":"https:\/\/armstrongyregion.com.ar\/diario\/wp-json\/wp\/v2\/posts\/27345\/revisions"}],"predecessor-version":[{"id":27347,"href":"https:\/\/armstrongyregion.com.ar\/diario\/wp-json\/wp\/v2\/posts\/27345\/revisions\/27347"}],"wp:featuredmedia":[{"embeddable":true,"href":"https:\/\/armstrongyregion.com.ar\/diario\/wp-json\/wp\/v2\/media\/27346"}],"wp:attachment":[{"href":"https:\/\/armstrongyregion.com.ar\/diario\/wp-json\/wp\/v2\/media?parent=27345"}],"wp:term":[{"taxonomy":"category","embeddable":true,"href":"https:\/\/armstrongyregion.com.ar\/diario\/wp-json\/wp\/v2\/categories?post=27345"},{"taxonomy":"post_tag","embeddable":true,"href":"https:\/\/armstrongyregion.com.ar\/diario\/wp-json\/wp\/v2\/tags?post=27345"}],"curies":[{"name":"wp","href":"https:\/\/api.w.org\/{rel}","templated":true}]}}