{"id":27336,"date":"2020-09-25T20:50:54","date_gmt":"2020-09-25T20:50:54","guid":{"rendered":"https:\/\/armstrongyregion.com.ar\/diario\/?p=27336"},"modified":"2020-09-25T20:50:59","modified_gmt":"2020-09-25T20:50:59","slug":"rasetto-y-una-reunion-por-mas-infraestructura-educativa-para-iriondo","status":"publish","type":"post","link":"https:\/\/armstrongyregion.com.ar\/diario\/rasetto-y-una-reunion-por-mas-infraestructura-educativa-para-iriondo\/","title":{"rendered":"Rasetto y una reuni\u00f3n por m\u00e1s infraestructura educativa para Iriondo."},"content":{"rendered":"\n<figure class=\"wp-block-image size-large\"><img loading=\"lazy\" decoding=\"async\" width=\"565\" height=\"318\" src=\"http:\/\/armstrongyregion.com.ar\/diario\/wp-content\/uploads\/2020\/09\/cantero.jpg\" alt=\"\" class=\"wp-image-27337\" srcset=\"https:\/\/armstrongyregion.com.ar\/diario\/wp-content\/uploads\/2020\/09\/cantero.jpg 565w, https:\/\/armstrongyregion.com.ar\/diario\/wp-content\/uploads\/2020\/09\/cantero-300x169.jpg 300w\" sizes=\"auto, (max-width: 565px) 100vw, 565px\" \/><\/figure>\n\n\n\n<p>\nEl Senador por el departamento Iriondo Hugo Rasetto, mantuvo esta\nma\u00f1ana una reuni\u00f3n mediante videoconferencia con la ministra de\nEducaci\u00f3n de la Provincia, Adriana Cantero, por temas referidos a la\ninfraestructura educativa del Departamento y su organizaci\u00f3n.<\/p>\n\n\n\n<p>\nEntre otros, se abordaron los siguientes temas:<\/p>\n\n\n\n<p>\nLa construcci\u00f3n de los edificios de la Escuela T\u00e9cnica N\u00ba386 de\nPueblo Andino, del Jard\u00edn Nucleado N\u00ba295 Barrilete de Colores de\nCa\u00f1ada de G\u00f3mez y del edificio del Instituto Superior del\nProfesorado N\u00ba5, Perito F. Moreno, tambi\u00e9n de Ca\u00f1ada de G\u00f3mez.<\/p>\n\n\n\n<p>\nEl apoyo a la construcci\u00f3n de la escuela que la Comuna de Oliveros\nlleva adelante con recursos propios.<\/p>\n\n\n\n<p>\nLa creaci\u00f3n del Jard\u00edn Nucleado de Salto Grande y el nombramiento\nde la directora organizadora.<\/p>\n\n\n\n<p>\nLa recategorizaci\u00f3n del Jard\u00edn Nucleado N\u00ba135 de Totoras.<\/p>\n\n\n\n<p>\nLa remodelaci\u00f3n de los ba\u00f1os de planta baja de la Escuela Superior\nde Comercio N\u00ba48 de la Ciudad de Totoras.<\/p>\n\n\n\n<p>\nY la independencia de la Escuela T\u00e9cnica N\u00ba674 de la localidad de\nClason.<\/p>\n","protected":false},"excerpt":{"rendered":"<p>El Senador por el departamento Iriondo Hugo Rasetto, mantuvo esta ma\u00f1ana una reuni\u00f3n mediante videoconferencia con la ministra de Educaci\u00f3n de la Provincia, Adriana Cantero, por temas referidos a la infraestructura educativa del Departamento y su organizaci\u00f3n. Entre otros, se abordaron los siguientes temas: La construcci\u00f3n de los edificios de la Escuela T\u00e9cnica N\u00ba386 de <a href=\"https:\/\/armstrongyregion.com.ar\/diario\/rasetto-y-una-reunion-por-mas-infraestructura-educativa-para-iriondo\/\" title=\"Read more\" >&#8230;<\/a><\/p>\n","protected":false},"author":1,"featured_media":27337,"comment_status":"open","ping_status":"open","sticky":false,"template":"","format":"image","meta":{"_jetpack_memberships_contains_paid_content":false,"footnotes":"","jetpack_publicize_message":"","jetpack_publicize_feature_enabled":true,"jetpack_social_post_already_shared":true,"jetpack_social_options":{"image_generator_settings":{"template":"highway","default_image_id":0,"enabled":false},"version":2}},"categories":[8,1,7,3],"tags":[],"class_list":["post-27336","post","type-post","status-publish","format-image","has-post-thumbnail","hentry","category-deliberando","category-diario-armstrong","category-politica","category-region","post_format-post-format-image"],"jetpack_publicize_connections":[],"jetpack_featured_media_url":"https:\/\/armstrongyregion.com.ar\/diario\/wp-content\/uploads\/2020\/09\/cantero.jpg","jetpack_shortlink":"https:\/\/wp.me\/p62QDO-76U","jetpack_sharing_enabled":true,"amp_enabled":true,"_links":{"self":[{"href":"https:\/\/armstrongyregion.com.ar\/diario\/wp-json\/wp\/v2\/posts\/27336","targetHints":{"allow":["GET"]}}],"collection":[{"href":"https:\/\/armstrongyregion.com.ar\/diario\/wp-json\/wp\/v2\/posts"}],"about":[{"href":"https:\/\/armstrongyregion.com.ar\/diario\/wp-json\/wp\/v2\/types\/post"}],"author":[{"embeddable":true,"href":"https:\/\/armstrongyregion.com.ar\/diario\/wp-json\/wp\/v2\/users\/1"}],"replies":[{"embeddable":true,"href":"https:\/\/armstrongyregion.com.ar\/diario\/wp-json\/wp\/v2\/comments?post=27336"}],"version-history":[{"count":1,"href":"https:\/\/armstrongyregion.com.ar\/diario\/wp-json\/wp\/v2\/posts\/27336\/revisions"}],"predecessor-version":[{"id":27338,"href":"https:\/\/armstrongyregion.com.ar\/diario\/wp-json\/wp\/v2\/posts\/27336\/revisions\/27338"}],"wp:featuredmedia":[{"embeddable":true,"href":"https:\/\/armstrongyregion.com.ar\/diario\/wp-json\/wp\/v2\/media\/27337"}],"wp:attachment":[{"href":"https:\/\/armstrongyregion.com.ar\/diario\/wp-json\/wp\/v2\/media?parent=27336"}],"wp:term":[{"taxonomy":"category","embeddable":true,"href":"https:\/\/armstrongyregion.com.ar\/diario\/wp-json\/wp\/v2\/categories?post=27336"},{"taxonomy":"post_tag","embeddable":true,"href":"https:\/\/armstrongyregion.com.ar\/diario\/wp-json\/wp\/v2\/tags?post=27336"}],"curies":[{"name":"wp","href":"https:\/\/api.w.org\/{rel}","templated":true}]}}