{"id":27328,"date":"2020-09-25T00:26:05","date_gmt":"2020-09-25T00:26:05","guid":{"rendered":"https:\/\/armstrongyregion.com.ar\/diario\/?p=27328"},"modified":"2020-09-25T00:26:09","modified_gmt":"2020-09-25T00:26:09","slug":"el-gobierno-de-santa-fe-avanza-en-la-formacion-de-agentes-de-policia-en-el-sur-de-la-provincia","status":"publish","type":"post","link":"https:\/\/armstrongyregion.com.ar\/diario\/el-gobierno-de-santa-fe-avanza-en-la-formacion-de-agentes-de-policia-en-el-sur-de-la-provincia\/","title":{"rendered":"El gobierno de Santa Fe avanza en la formaci\u00f3n de agentes de polic\u00eda en el sur de la provincia"},"content":{"rendered":"\n<figure class=\"wp-block-image size-large\"><img loading=\"lazy\" decoding=\"async\" width=\"617\" height=\"375\" src=\"http:\/\/armstrongyregion.com.ar\/diario\/wp-content\/uploads\/2020\/09\/policia.jpg\" alt=\"\" class=\"wp-image-27329\" srcset=\"https:\/\/armstrongyregion.com.ar\/diario\/wp-content\/uploads\/2020\/09\/policia.jpg 617w, https:\/\/armstrongyregion.com.ar\/diario\/wp-content\/uploads\/2020\/09\/policia-300x182.jpg 300w\" sizes=\"auto, (max-width: 617px) 100vw, 617px\" \/><\/figure>\n\n\n\n<h2 class=\"wp-block-heading\"> Ser\u00e1 a trav\u00e9s de un acuerdo firmado con la comuna de Murphy para radicar una extensi\u00f3n del Instituto de Seguridad P\u00fablica en dicha localidad. <\/h2>\n\n\n\n<p>\n\nEste jueves, el Ministerio de Seguridad de la provincia firm\u00f3 con la comuna de Murphy el acta compromiso para la extensi\u00f3n del Instituto de Seguridad P\u00fablica (ISeP), hecho que permitir\u00e1 formar recursos humanos en el sur santafesino.<\/p>\n\n\n\n<p>Presente en la actividad, el secretario de Gesti\u00f3n Social de Seguridad, Jorge Lagna, brind\u00f3 detalles del acuerdo alcanzado: \u201cA partir de esta coordinaci\u00f3n, la comuna de Murphy nos ceder\u00e1 un local de dos plantas que tiene todos los requerimientos para que funcione la extensi\u00f3n del ISeP. Esto es un viejo anhelo de la regi\u00f3n sur, ya que la mayor\u00eda de los polic\u00edas que prestan servicio en la provincia son del norte, y este proyecto les facilitar\u00eda el traslado\u201d.<\/p>\n\n\n\n<p>Por su parte, el subsecretario de Formaci\u00f3n y Capacitaci\u00f3n, Andr\u00e9s Rolandelli, se\u00f1al\u00f3 que \u201clas instalaciones con las que cuenta este espacio satisfacen ampliamente los requerimientos propios de la formaci\u00f3n de polic\u00edas. Pronto haremos un convenio m\u00e1s con un club local y tambi\u00e9n podremos contar con el pol\u00edgono de Venado Tuerto, de manera de poder completar todas las etapas de formaci\u00f3n en la misma regi\u00f3n. Seg\u00fan nuestros c\u00e1lculos, podremos tener 200 alumnos capacit\u00e1ndose en este lugar\u00bb.<\/p>\n\n\n\n<p>En el acto de firma del acta compromiso estuvieron presentes, adem\u00e1s, el presidente de la comuna de Murphy, Marcelo Camusoni; el director del ISeP, Gabriel Lectra; y la subdirectora de dicha instituci\u00f3n, Carina Rodr\u00edguez.\n\n<\/p>\n","protected":false},"excerpt":{"rendered":"<p>Ser\u00e1 a trav\u00e9s de un acuerdo firmado con la comuna de Murphy para radicar una extensi\u00f3n del Instituto de Seguridad P\u00fablica en dicha localidad. Este jueves, el Ministerio de Seguridad de la provincia firm\u00f3 con la comuna de Murphy el acta compromiso para la extensi\u00f3n del Instituto de Seguridad P\u00fablica (ISeP), hecho que permitir\u00e1 formar <a href=\"https:\/\/armstrongyregion.com.ar\/diario\/el-gobierno-de-santa-fe-avanza-en-la-formacion-de-agentes-de-policia-en-el-sur-de-la-provincia\/\" title=\"Read more\" >&#8230;<\/a><\/p>\n","protected":false},"author":1,"featured_media":27329,"comment_status":"open","ping_status":"open","sticky":false,"template":"","format":"image","meta":{"_jetpack_memberships_contains_paid_content":false,"footnotes":"","jetpack_publicize_message":"","jetpack_publicize_feature_enabled":true,"jetpack_social_post_already_shared":true,"jetpack_social_options":{"image_generator_settings":{"template":"highway","default_image_id":0,"enabled":false},"version":2}},"categories":[8,1,2,2852,3],"tags":[],"class_list":["post-27328","post","type-post","status-publish","format-image","has-post-thumbnail","hentry","category-deliberando","category-diario-armstrong","category-locales","category-policiales","category-region","post_format-post-format-image"],"jetpack_publicize_connections":[],"jetpack_featured_media_url":"https:\/\/armstrongyregion.com.ar\/diario\/wp-content\/uploads\/2020\/09\/policia.jpg","jetpack_shortlink":"https:\/\/wp.me\/p62QDO-76M","jetpack_sharing_enabled":true,"amp_enabled":true,"_links":{"self":[{"href":"https:\/\/armstrongyregion.com.ar\/diario\/wp-json\/wp\/v2\/posts\/27328","targetHints":{"allow":["GET"]}}],"collection":[{"href":"https:\/\/armstrongyregion.com.ar\/diario\/wp-json\/wp\/v2\/posts"}],"about":[{"href":"https:\/\/armstrongyregion.com.ar\/diario\/wp-json\/wp\/v2\/types\/post"}],"author":[{"embeddable":true,"href":"https:\/\/armstrongyregion.com.ar\/diario\/wp-json\/wp\/v2\/users\/1"}],"replies":[{"embeddable":true,"href":"https:\/\/armstrongyregion.com.ar\/diario\/wp-json\/wp\/v2\/comments?post=27328"}],"version-history":[{"count":1,"href":"https:\/\/armstrongyregion.com.ar\/diario\/wp-json\/wp\/v2\/posts\/27328\/revisions"}],"predecessor-version":[{"id":27330,"href":"https:\/\/armstrongyregion.com.ar\/diario\/wp-json\/wp\/v2\/posts\/27328\/revisions\/27330"}],"wp:featuredmedia":[{"embeddable":true,"href":"https:\/\/armstrongyregion.com.ar\/diario\/wp-json\/wp\/v2\/media\/27329"}],"wp:attachment":[{"href":"https:\/\/armstrongyregion.com.ar\/diario\/wp-json\/wp\/v2\/media?parent=27328"}],"wp:term":[{"taxonomy":"category","embeddable":true,"href":"https:\/\/armstrongyregion.com.ar\/diario\/wp-json\/wp\/v2\/categories?post=27328"},{"taxonomy":"post_tag","embeddable":true,"href":"https:\/\/armstrongyregion.com.ar\/diario\/wp-json\/wp\/v2\/tags?post=27328"}],"curies":[{"name":"wp","href":"https:\/\/api.w.org\/{rel}","templated":true}]}}