{"id":27314,"date":"2020-09-23T21:27:20","date_gmt":"2020-09-23T21:27:20","guid":{"rendered":"https:\/\/armstrongyregion.com.ar\/diario\/?p=27314"},"modified":"2020-09-23T21:29:41","modified_gmt":"2020-09-23T21:29:41","slug":"licitacion-de-obras-para-la-ex-ruta-9-en-canada-de-gomez-financiadas-por-el-gobierno-nacional","status":"publish","type":"post","link":"https:\/\/armstrongyregion.com.ar\/diario\/licitacion-de-obras-para-la-ex-ruta-9-en-canada-de-gomez-financiadas-por-el-gobierno-nacional\/","title":{"rendered":"Licitaci\u00f3n de obras para la Ex-Ruta 9 en Ca\u00f1ada de Gomez financiadas por el Gobierno Nacional"},"content":{"rendered":"\n<figure class=\"wp-block-image size-large\"><img loading=\"lazy\" decoding=\"async\" width=\"750\" height=\"500\" src=\"http:\/\/armstrongyregion.com.ar\/diario\/wp-content\/uploads\/2020\/09\/clerici-ruta-9-.jpg\" alt=\"\" class=\"wp-image-27315\" srcset=\"https:\/\/armstrongyregion.com.ar\/diario\/wp-content\/uploads\/2020\/09\/clerici-ruta-9-.jpg 750w, https:\/\/armstrongyregion.com.ar\/diario\/wp-content\/uploads\/2020\/09\/clerici-ruta-9--300x200.jpg 300w\" sizes=\"auto, (max-width: 750px) 100vw, 750px\" \/><\/figure>\n\n\n\n<h2 class=\"wp-block-heading\"><em>La Municipalidad de Ca\u00f1ada de G\u00f3mez licit\u00f3 obras por 75 millones pesos para la traves\u00eda urbana de la Ruta Nacional N\u00b0 1V09, en el marco de un convenio celebrado con Vialidad Nacional. Las mejoras, establecidas bajo un proyecto elaborado por el organismo vial, se concentrar\u00e1n en los cruces semaforizados de la localidad.<\/em><\/h2>\n\n\n\n<p>El Ministerio de Obras P\u00fablicas de la Naci\u00f3n, a trav\u00e9s de Vialidad Nacional, financi\u00f3 la licitaci\u00f3n realizada hoy por la Municipalidad de Ca\u00f1ada de G\u00f3mez para la ejecuci\u00f3n de obras en la traves\u00eda urbana de la Ruta Nacional N\u00b0 1V09 (ex Ruta 9). Bajo un presupuesto oficial de $ 75.249.000 se presentaron cuatro oferentes con cotizaciones cercanas al valor de referencia para la realizaci\u00f3n de los trabajos. El aporte del Gobierno Nacional que posibilita las mejoras se enmarca en el acuerdo rubricado por el Administrador General de Vialidad Nacional, Gustavo Arrieta, y la intendenta de la localidad, Stella Cl\u00e9rici, convalidado por el Concejo Municipal.<\/p>\n\n\n\n<p>De manera virtual, participaron de la apertura de sobres de la licitaci\u00f3n la titular del Ejecutivo ca\u00f1adense; el Gerente de Regiones de Vialidad Nacional Patricio Garc\u00eda; el Jefe del 7\u00ba Distrito Santa Fe, Fabio S\u00e1nchez; el senador nacional Roberto Mirabella; la Ministra de Obras P\u00fablicas de Santa Fe, Silvina Frana, junto a otros funcionarios municipales, provinciales y miembros de Vialidad Nacional Santa Fe.<\/p>\n\n\n\n<p>El&nbsp;<strong>Gerente de Regiones de VN, Patricio Garc\u00eda<\/strong>, expres\u00f3 que&nbsp;<em>\u201cLa primera etapa de nuestra gesti\u00f3n estaba muy cargada de expectativas, pero tambi\u00e9n tuvimos que poner en marcha toda la estructura del Estado, y por eso los primeros meses de gesti\u00f3n estuvieron abocados a pagar cuentas\u201d<\/em>, a lo que agreg\u00f3 sobre las obras licitadas bajo financiaci\u00f3n de Vialidad Nacional,&nbsp;<em>\u201c\u00c9sta es una de las cuentas que estamos pagando, porque es un viejo reclamo de la comunidad de Ca\u00f1ada de G\u00f3mez\u201d<\/em>.<\/p>\n\n\n\n<p>Garc\u00eda tambi\u00e9n destac\u00f3 la relaci\u00f3n con el Gobierno Provincial:&nbsp;<em>\u201cHemos hablado con Omar Perotti, que es un gobernador comprometido e interesado por resolver la problem\u00e1tica de todas las comunidades de la provincia de Santa Fe. Y en ello Omar es una persona con elevado compromiso de gesti\u00f3n y a diario no estamos contactando para encontrar la soluci\u00f3n a cada uno de los problemas\u201d<\/em>.<\/p>\n\n\n\n<p>Finalmente, Patricio Garc\u00eda reiter\u00f3,&nbsp;<em>\u201cel saludo de los funcionarios nacionales, el Ministro Gabriel Katopodis, el Administrador Gustavo Arrieta, que siempre est\u00e1n pendientes de atender estas cuestiones de obras para las comunidades como Ca\u00f1ada de G\u00f3mez, y renuevo el compromiso de estar presente cuando la pandemia lo permita para ver el avance de las obras\u201d.<\/em><\/p>\n\n\n\n<p>A su turno, el&nbsp;<strong>Jefe del 7\u00ba Distrito Santa Fe, Fabio S\u00e1nchez<\/strong>, destac\u00f3 la tarea en conjunto desarrollada con el municipio ca\u00f1adense y con&nbsp;<em>\u201ctoda la gente de Vialidad Nacional que ha trabajado mucho para que se pueda concretar este proyecto que hoy es una realidad\u201d<\/em>. Asimismo, el representante de Vialidad Nacional en la provincia subray\u00f3&nbsp;<em>\u201cla predisposici\u00f3n del Gobierno Nacional para realizar este tipo de obras en cada localidad, con un trabajo en conjunto con la provincia y los municipios, por ello pienso que estamos avanzando por un camino firme\u201d<\/em>.<\/p>\n\n\n\n<p>Por \u00faltimo, Fabio S\u00e1nchez detall\u00f3 que&nbsp;<em>\u201chemos tenido que reacomodar muchas cosas que estaban inconclusas, pendientes, pero pese a la pandemia, con Vialidad Nacional, estamos trabajando fuertemente para sacar adelante la obra de la ex Ruta 9 con la Malla 235, como otras obras de Rutas Nacionales que hab\u00edan quedado paradas pero que pese a la crisis econ\u00f3mica el Gobierno Nacional est\u00e1 sacando adelante\u201d<\/em>.<\/p>\n\n\n\n<p><strong>Los trabajos licitados<\/strong><\/p>\n\n\n\n<p>Las obras a ejecutar fueron establecidas en un proyecto elaborado por la Divisi\u00f3n Proyectos e Ingenier\u00eda Vial del 7\u00b0 Distrito Santa Fe, mediante un trabajo integrado con el municipio. Los arreglos abarcaran a cuatro intersecciones con sem\u00e1foros en el paso de la ex Ruta 9 por la ciudad. Los trabajos a adjudicar comprender\u00e1n la reconstrucci\u00f3n de la calzada en ambas manos, incluidas las banquinas, con nuevas losas de hormig\u00f3n. El refuerzo de la estructura, 200 metros a cada lado de los cruces, evitar\u00e1 las deformaciones producidas en la calzada por la detenci\u00f3n y arranque, especialmente de camiones con carga.<\/p>\n\n\n\n<p>Los puntos de la RN 1V09 a intervenir incluyen los cruces con las avenidas San Mart\u00edn, Alem, Mitre y Laprida.&nbsp;Dentro del acuerdo impulsado por el Ministerio de Obras P\u00fablicas de la Naci\u00f3n se establece adem\u00e1s que Vialidad Nacional aporte personal t\u00e9cnico del 7\u00b0 Distrito Santa Fe para colaborar en la supervisi\u00f3n y control de la obra.<\/p>\n\n\n\n<p>Cabe recordar que en otros tramos de la ex Ruta 9, paralela a la Autopista Rosario-C\u00f3rdoba, se han ejecutado otras obras de mejoramiento de la transitabilidad. Entre estas intervenciones se destacan los trabajos de fresado, bacheo y repavimentaciones parciales finalizadas recientemente entre Armstrong y Tortugas. En este caso se sumaron en una tarea coordinada personal y equipos propios de Vialidad Nacional de los Distritos Santa Fe y C\u00f3rdoba. Las acciones preventivas forman parte de una estrategia de sostenimiento de las condiciones m\u00ednimas de la RN 1V09 hasta lograr la puesta en marcha de un contrato de recuperaci\u00f3n y mantenimiento firmado en septiembre de 2015, pero que en los \u00faltimos a\u00f1os no fue iniciado.<\/p>\n\n\n\n<p>Del mismo modo, el Gobierno Nacional, por intermedio del Ministerio de Obras P\u00fablicas y Vialidad Nacional, retom\u00f3 varias obras que se encontraban detenidas en los \u00faltimos a\u00f1os, preocupaci\u00f3n tambi\u00e9n expresada por el Gobierno Provincial a las autoridades nacionales. Al respecto, se destaca la insistencia de la Provincia de poner en marcha la construcci\u00f3n de la Autopista de RN 34, entre RN 19 y Rafaela, y en especial desde Ataliva a Sunchales detenida en 2018, gestiones que dieron resultado en los primeros meses de este a\u00f1o. Asimismo, desde Vialidad Nacional ya se planifica extender por seis meses el plazo de contrato y la inversi\u00f3n en las obras de mantenimiento de Ruta Nacional N\u00ba11, desde Timb\u00faes a Resistencia (Chaco), para llegar con trabajos hasta mayo de 2021.<\/p>\n","protected":false},"excerpt":{"rendered":"<p>La Municipalidad de Ca\u00f1ada de G\u00f3mez licit\u00f3 obras por 75 millones pesos para la traves\u00eda urbana de la Ruta Nacional N\u00b0 1V09, en el marco de un convenio celebrado con Vialidad Nacional. Las mejoras, establecidas bajo un proyecto elaborado por el organismo vial, se concentrar\u00e1n en los cruces semaforizados de la localidad. El Ministerio de <a href=\"https:\/\/armstrongyregion.com.ar\/diario\/licitacion-de-obras-para-la-ex-ruta-9-en-canada-de-gomez-financiadas-por-el-gobierno-nacional\/\" title=\"Read more\" >&#8230;<\/a><\/p>\n","protected":false},"author":1,"featured_media":27315,"comment_status":"open","ping_status":"open","sticky":false,"template":"","format":"image","meta":{"_jetpack_memberships_contains_paid_content":false,"footnotes":"","jetpack_publicize_message":"","jetpack_publicize_feature_enabled":true,"jetpack_social_post_already_shared":true,"jetpack_social_options":{"image_generator_settings":{"template":"highway","default_image_id":0,"enabled":false},"version":2}},"categories":[8,1,7,3],"tags":[],"class_list":["post-27314","post","type-post","status-publish","format-image","has-post-thumbnail","hentry","category-deliberando","category-diario-armstrong","category-politica","category-region","post_format-post-format-image"],"jetpack_publicize_connections":[],"jetpack_featured_media_url":"https:\/\/armstrongyregion.com.ar\/diario\/wp-content\/uploads\/2020\/09\/clerici-ruta-9-.jpg","jetpack_shortlink":"https:\/\/wp.me\/p62QDO-76y","jetpack_sharing_enabled":true,"amp_enabled":true,"_links":{"self":[{"href":"https:\/\/armstrongyregion.com.ar\/diario\/wp-json\/wp\/v2\/posts\/27314","targetHints":{"allow":["GET"]}}],"collection":[{"href":"https:\/\/armstrongyregion.com.ar\/diario\/wp-json\/wp\/v2\/posts"}],"about":[{"href":"https:\/\/armstrongyregion.com.ar\/diario\/wp-json\/wp\/v2\/types\/post"}],"author":[{"embeddable":true,"href":"https:\/\/armstrongyregion.com.ar\/diario\/wp-json\/wp\/v2\/users\/1"}],"replies":[{"embeddable":true,"href":"https:\/\/armstrongyregion.com.ar\/diario\/wp-json\/wp\/v2\/comments?post=27314"}],"version-history":[{"count":2,"href":"https:\/\/armstrongyregion.com.ar\/diario\/wp-json\/wp\/v2\/posts\/27314\/revisions"}],"predecessor-version":[{"id":27317,"href":"https:\/\/armstrongyregion.com.ar\/diario\/wp-json\/wp\/v2\/posts\/27314\/revisions\/27317"}],"wp:featuredmedia":[{"embeddable":true,"href":"https:\/\/armstrongyregion.com.ar\/diario\/wp-json\/wp\/v2\/media\/27315"}],"wp:attachment":[{"href":"https:\/\/armstrongyregion.com.ar\/diario\/wp-json\/wp\/v2\/media?parent=27314"}],"wp:term":[{"taxonomy":"category","embeddable":true,"href":"https:\/\/armstrongyregion.com.ar\/diario\/wp-json\/wp\/v2\/categories?post=27314"},{"taxonomy":"post_tag","embeddable":true,"href":"https:\/\/armstrongyregion.com.ar\/diario\/wp-json\/wp\/v2\/tags?post=27314"}],"curies":[{"name":"wp","href":"https:\/\/api.w.org\/{rel}","templated":true}]}}