{"id":27309,"date":"2020-09-22T23:32:16","date_gmt":"2020-09-22T23:32:16","guid":{"rendered":"https:\/\/armstrongyregion.com.ar\/diario\/?p=27309"},"modified":"2020-09-22T23:32:19","modified_gmt":"2020-09-22T23:32:19","slug":"casilda-dio-a-luz-una-nena-de-12-anos-embarazada-victima-de-abuso-intrafamiliar","status":"publish","type":"post","link":"https:\/\/armstrongyregion.com.ar\/diario\/casilda-dio-a-luz-una-nena-de-12-anos-embarazada-victima-de-abuso-intrafamiliar\/","title":{"rendered":"Casilda: dio a luz una nena de 12 a\u00f1os, embarazada v\u00edctima de abuso intrafamiliar."},"content":{"rendered":"\n<figure class=\"wp-block-image size-large\"><img loading=\"lazy\" decoding=\"async\" width=\"800\" height=\"450\" src=\"http:\/\/armstrongyregion.com.ar\/diario\/wp-content\/uploads\/2020\/09\/abuso_sexual_infantil.jpg_1756841869.jpg\" alt=\"\" class=\"wp-image-27310\" srcset=\"https:\/\/armstrongyregion.com.ar\/diario\/wp-content\/uploads\/2020\/09\/abuso_sexual_infantil.jpg_1756841869.jpg 800w, https:\/\/armstrongyregion.com.ar\/diario\/wp-content\/uploads\/2020\/09\/abuso_sexual_infantil.jpg_1756841869-300x169.jpg 300w, https:\/\/armstrongyregion.com.ar\/diario\/wp-content\/uploads\/2020\/09\/abuso_sexual_infantil.jpg_1756841869-768x432.jpg 768w\" sizes=\"auto, (max-width: 800px) 100vw, 800px\" \/><\/figure>\n\n\n\n<h2 class=\"wp-block-heading\"> El beb\u00e9 naci\u00f3 antes de t\u00e9rmino en el hospital Centenario de Rosario y tanto \u00e9l como la ni\u00f1a se encuentran en buen estado. Contin\u00faan las actuaciones judiciales para esclarecer el hecho.<\/h2>\n\n\n\n<p> El beb\u00e9 naci\u00f3 en el\u00a0<strong>hospital Centenario<\/strong>, en el mes siete de gestaci\u00f3n, a trav\u00e9s de ces\u00e1rea, y fue alojado en Neonatolog\u00eda. Tanto el reci\u00e9n nacido como la ni\u00f1a se encuentran en buen estado de salud. <\/p>\n\n\n\n<p>Seg\u00fan inform\u00f3 el portal&nbsp;<em>Ahora Casilda<\/em>, la situaci\u00f3n fue judicializada y tom\u00f3 estado p\u00fablico a trav\u00e9s de las redes sociales, cuando&nbsp;<strong>el colectivo \u201cNi Una Menos Casilda\u201d lo dio a conocer.<\/strong><\/p>\n\n\n\n<p>En ese momento, la ni\u00f1a cursaba el sexto mes de embarazo. La Fiscal\u00eda avanza en la investigaci\u00f3n del hecho.<\/p>\n","protected":false},"excerpt":{"rendered":"<p>El beb\u00e9 naci\u00f3 antes de t\u00e9rmino en el hospital Centenario de Rosario y tanto \u00e9l como la ni\u00f1a se encuentran en buen estado. Contin\u00faan las actuaciones judiciales para esclarecer el hecho. El beb\u00e9 naci\u00f3 en el\u00a0hospital Centenario, en el mes siete de gestaci\u00f3n, a trav\u00e9s de ces\u00e1rea, y fue alojado en Neonatolog\u00eda. Tanto el reci\u00e9n <a href=\"https:\/\/armstrongyregion.com.ar\/diario\/casilda-dio-a-luz-una-nena-de-12-anos-embarazada-victima-de-abuso-intrafamiliar\/\" title=\"Read more\" >&#8230;<\/a><\/p>\n","protected":false},"author":1,"featured_media":27310,"comment_status":"open","ping_status":"open","sticky":false,"template":"","format":"image","meta":{"_jetpack_memberships_contains_paid_content":false,"footnotes":"","jetpack_publicize_message":"","jetpack_publicize_feature_enabled":true,"jetpack_social_post_already_shared":true,"jetpack_social_options":{"image_generator_settings":{"template":"highway","default_image_id":0,"enabled":false},"version":2}},"categories":[8,1,4,3],"tags":[],"class_list":["post-27309","post","type-post","status-publish","format-image","has-post-thumbnail","hentry","category-deliberando","category-diario-armstrong","category-prevencion-salud","category-region","post_format-post-format-image"],"jetpack_publicize_connections":[],"jetpack_featured_media_url":"https:\/\/armstrongyregion.com.ar\/diario\/wp-content\/uploads\/2020\/09\/abuso_sexual_infantil.jpg_1756841869.jpg","jetpack_shortlink":"https:\/\/wp.me\/p62QDO-76t","jetpack_sharing_enabled":true,"amp_enabled":true,"_links":{"self":[{"href":"https:\/\/armstrongyregion.com.ar\/diario\/wp-json\/wp\/v2\/posts\/27309","targetHints":{"allow":["GET"]}}],"collection":[{"href":"https:\/\/armstrongyregion.com.ar\/diario\/wp-json\/wp\/v2\/posts"}],"about":[{"href":"https:\/\/armstrongyregion.com.ar\/diario\/wp-json\/wp\/v2\/types\/post"}],"author":[{"embeddable":true,"href":"https:\/\/armstrongyregion.com.ar\/diario\/wp-json\/wp\/v2\/users\/1"}],"replies":[{"embeddable":true,"href":"https:\/\/armstrongyregion.com.ar\/diario\/wp-json\/wp\/v2\/comments?post=27309"}],"version-history":[{"count":1,"href":"https:\/\/armstrongyregion.com.ar\/diario\/wp-json\/wp\/v2\/posts\/27309\/revisions"}],"predecessor-version":[{"id":27311,"href":"https:\/\/armstrongyregion.com.ar\/diario\/wp-json\/wp\/v2\/posts\/27309\/revisions\/27311"}],"wp:featuredmedia":[{"embeddable":true,"href":"https:\/\/armstrongyregion.com.ar\/diario\/wp-json\/wp\/v2\/media\/27310"}],"wp:attachment":[{"href":"https:\/\/armstrongyregion.com.ar\/diario\/wp-json\/wp\/v2\/media?parent=27309"}],"wp:term":[{"taxonomy":"category","embeddable":true,"href":"https:\/\/armstrongyregion.com.ar\/diario\/wp-json\/wp\/v2\/categories?post=27309"},{"taxonomy":"post_tag","embeddable":true,"href":"https:\/\/armstrongyregion.com.ar\/diario\/wp-json\/wp\/v2\/tags?post=27309"}],"curies":[{"name":"wp","href":"https:\/\/api.w.org\/{rel}","templated":true}]}}