{"id":27303,"date":"2020-09-22T00:36:02","date_gmt":"2020-09-22T00:36:02","guid":{"rendered":"https:\/\/armstrongyregion.com.ar\/diario\/?p=27303"},"modified":"2020-09-22T00:36:05","modified_gmt":"2020-09-22T00:36:05","slug":"deliberando-carlos-del-frade-diputado-provincial-del-frente-socialista-y-popular-repasa-la-actualidad-santafesina","status":"publish","type":"post","link":"https:\/\/armstrongyregion.com.ar\/diario\/deliberando-carlos-del-frade-diputado-provincial-del-frente-socialista-y-popular-repasa-la-actualidad-santafesina\/","title":{"rendered":"DELIBERANDO, Carlos Del Frade, diputado provincial del Frente Socialista y Popular, repasa la actualidad santafesina."},"content":{"rendered":"\n<figure class=\"wp-block-image size-large\"><img loading=\"lazy\" decoding=\"async\" width=\"483\" height=\"263\" src=\"http:\/\/armstrongyregion.com.ar\/diario\/wp-content\/uploads\/2020\/09\/20200921_213347.jpg\" alt=\"\" class=\"wp-image-27304\" srcset=\"https:\/\/armstrongyregion.com.ar\/diario\/wp-content\/uploads\/2020\/09\/20200921_213347.jpg 483w, https:\/\/armstrongyregion.com.ar\/diario\/wp-content\/uploads\/2020\/09\/20200921_213347-300x163.jpg 300w\" sizes=\"auto, (max-width: 483px) 100vw, 483px\" \/><\/figure>\n\n\n\n<p> El legislador abarcar\u00e1 su visi\u00f3n sobre la pandemia que estamos atravesando y la situaci\u00f3n de algunos legisladores que han padecido s\u00edntomas de esta enfermedad. <\/p>\n\n\n\n<p>Con relaci\u00f3n a la causa que se les est\u00e1 siguiendo a fiscales provinciales detalla su papel de acusador y como est\u00e1 a este momento el tema. <\/p>\n\n\n\n<p>Como consecuencia de la pandemia que nos afecta hablar\u00e1 de la emergencia educativa para aquellos sectores donde no hay conectividad y su imperiosa necesidad. <\/p>\n\n\n\n<p>Desarrollar\u00e1 una amplia exposici\u00f3n sobre el tema seguridad provincial, cantidad de homicidios, como desde las c\u00e1rceles se organizan hechos delictivos. Manifestar\u00e1 como se puede salir adelante en el tema y su concepto del ministro de seguridad.<br>Todo esto este martes en DELIBERANDO con la conducci\u00f3n de la licenciada Graciela de la Casa y Oscar Crispino. <\/p>\n\n\n\n<p>21hs. Por Cable Imagen Armstrong<\/p>\n","protected":false},"excerpt":{"rendered":"<p>El legislador abarcar\u00e1 su visi\u00f3n sobre la pandemia que estamos atravesando y la situaci\u00f3n de algunos legisladores que han padecido s\u00edntomas de esta enfermedad. Con relaci\u00f3n a la causa que se les est\u00e1 siguiendo a fiscales provinciales detalla su papel de acusador y como est\u00e1 a este momento el tema. Como consecuencia de la pandemia <a href=\"https:\/\/armstrongyregion.com.ar\/diario\/deliberando-carlos-del-frade-diputado-provincial-del-frente-socialista-y-popular-repasa-la-actualidad-santafesina\/\" title=\"Read more\" >&#8230;<\/a><\/p>\n","protected":false},"author":1,"featured_media":27304,"comment_status":"open","ping_status":"open","sticky":false,"template":"","format":"image","meta":{"_jetpack_memberships_contains_paid_content":false,"footnotes":"","jetpack_publicize_message":"","jetpack_publicize_feature_enabled":true,"jetpack_social_post_already_shared":true,"jetpack_social_options":{"image_generator_settings":{"template":"highway","default_image_id":0,"enabled":false},"version":2}},"categories":[8,1,2,7,3],"tags":[],"class_list":["post-27303","post","type-post","status-publish","format-image","has-post-thumbnail","hentry","category-deliberando","category-diario-armstrong","category-locales","category-politica","category-region","post_format-post-format-image"],"jetpack_publicize_connections":[],"jetpack_featured_media_url":"https:\/\/armstrongyregion.com.ar\/diario\/wp-content\/uploads\/2020\/09\/20200921_213347.jpg","jetpack_shortlink":"https:\/\/wp.me\/p62QDO-76n","jetpack_sharing_enabled":true,"amp_enabled":true,"_links":{"self":[{"href":"https:\/\/armstrongyregion.com.ar\/diario\/wp-json\/wp\/v2\/posts\/27303","targetHints":{"allow":["GET"]}}],"collection":[{"href":"https:\/\/armstrongyregion.com.ar\/diario\/wp-json\/wp\/v2\/posts"}],"about":[{"href":"https:\/\/armstrongyregion.com.ar\/diario\/wp-json\/wp\/v2\/types\/post"}],"author":[{"embeddable":true,"href":"https:\/\/armstrongyregion.com.ar\/diario\/wp-json\/wp\/v2\/users\/1"}],"replies":[{"embeddable":true,"href":"https:\/\/armstrongyregion.com.ar\/diario\/wp-json\/wp\/v2\/comments?post=27303"}],"version-history":[{"count":1,"href":"https:\/\/armstrongyregion.com.ar\/diario\/wp-json\/wp\/v2\/posts\/27303\/revisions"}],"predecessor-version":[{"id":27305,"href":"https:\/\/armstrongyregion.com.ar\/diario\/wp-json\/wp\/v2\/posts\/27303\/revisions\/27305"}],"wp:featuredmedia":[{"embeddable":true,"href":"https:\/\/armstrongyregion.com.ar\/diario\/wp-json\/wp\/v2\/media\/27304"}],"wp:attachment":[{"href":"https:\/\/armstrongyregion.com.ar\/diario\/wp-json\/wp\/v2\/media?parent=27303"}],"wp:term":[{"taxonomy":"category","embeddable":true,"href":"https:\/\/armstrongyregion.com.ar\/diario\/wp-json\/wp\/v2\/categories?post=27303"},{"taxonomy":"post_tag","embeddable":true,"href":"https:\/\/armstrongyregion.com.ar\/diario\/wp-json\/wp\/v2\/tags?post=27303"}],"curies":[{"name":"wp","href":"https:\/\/api.w.org\/{rel}","templated":true}]}}