{"id":27227,"date":"2020-09-16T14:43:57","date_gmt":"2020-09-16T14:43:57","guid":{"rendered":"https:\/\/armstrongyregion.com.ar\/diario\/?p=27227"},"modified":"2020-09-16T14:49:54","modified_gmt":"2020-09-16T14:49:54","slug":"el-municipio-continua-con-los-conversatorios-de-cortos-de-72-horas","status":"publish","type":"post","link":"https:\/\/armstrongyregion.com.ar\/diario\/el-municipio-continua-con-los-conversatorios-de-cortos-de-72-horas\/","title":{"rendered":"Ca\u00f1ada de G\u00f3mez. El municipio continua con los conversatorios de cortos de 72 horas."},"content":{"rendered":"\n<figure class=\"wp-block-image size-large\"><img loading=\"lazy\" decoding=\"async\" width=\"639\" height=\"673\" src=\"http:\/\/armstrongyregion.com.ar\/diario\/wp-content\/uploads\/2020\/09\/WhatsApp-Image-2020-09-16-at-10.29.58.jpeg\" alt=\"\" class=\"wp-image-27228\" srcset=\"https:\/\/armstrongyregion.com.ar\/diario\/wp-content\/uploads\/2020\/09\/WhatsApp-Image-2020-09-16-at-10.29.58.jpeg 639w, https:\/\/armstrongyregion.com.ar\/diario\/wp-content\/uploads\/2020\/09\/WhatsApp-Image-2020-09-16-at-10.29.58-285x300.jpeg 285w\" sizes=\"auto, (max-width: 639px) 100vw, 639px\" \/><\/figure>\n\n\n\n<p><strong>En la tarde del mi\u00e9rcoles ser\u00e1 el turno del equipo local de profesionales, quienes compartir\u00e1n sus experiencias en relaci\u00f3n a los rubros audiovisuales de Direcci\u00f3n de Fotograf\u00eda y Operaci\u00f3n de C\u00e1mara. Los interesados en intervenir del encuentro virtual a\u00fan pueden inscribirse a&nbsp;<\/strong><a href=\"mailto:festivalcortos72horas@gmail.com\" target=\"_blank\" rel=\"noreferrer noopener\"><strong>festivalcortos72horas@gmail.com<\/strong><\/a><strong>&nbsp;o seguirlo por la cuenta oficial de Facebook de la experiencia.<\/strong><\/p>\n\n\n\n<p>La Municipalidad de Ca\u00f1ada de G\u00f3mez invita a participar del segundo conversatorio de Cortos 72 Horas, que tendr\u00e1 lugar este mi\u00e9rcoles 16 de septiembre a las 19 hs. por Meet, a trav\u00e9s del siguiente link:&nbsp;<a href=\"https:\/\/meet.google.com\/nnx-ptim-jae\" target=\"_blank\" rel=\"noreferrer noopener\">https:\/\/meet.google.com\/nnx-ptim-jae<\/a>. En esta oportunidad se desarrollar\u00e1n aspectos centrales de la Direcci\u00f3n de Fotograf\u00eda y Operaci\u00f3n de C\u00e1mara, a cargo de los profesionales locales Emanuel Cambiasso, Estefan\u00eda Belardinelli, Fernanda Quir\u00f3z y Dami\u00e1n Pavetto.<\/p>\n\n\n\n<p>\u201cTodos ellos conocen en profundidad la experiencia 72 Horas pero tambi\u00e9n se desempe\u00f1an en otros \u00e1mbitos, con lo cual el conversatorio ser\u00e1 tanto de inter\u00e9s para los futuros participantes de la experiencia, as\u00ed como tambi\u00e9n para todo aquel que tenga inquietudes sobre fotograf\u00eda y c\u00e1mara\u201d, apuntaron desde la organizaci\u00f3n del ciclo.<\/p>\n\n\n\n<p>La intendenta Stella Cl\u00e9rici dio el puntapi\u00e9 inicial en el inicio del primer conversatorio, donde remarc\u00f3 \u201cla capacidad de Cortos 72 Horas para reconvertirse en el actual contexto, seguir generando espacios de encuentro y formaci\u00f3n audiovisual\u201d.<\/p>\n\n\n\n<p>Cabe recordar que al conversatorio de este mi\u00e9rcoles le suceder\u00e1 un tercer encuentro sobre post-producci\u00f3n, con la participaci\u00f3n del reconocido realizador ca\u00f1adense Paolo Cavalieri, experto en efectos visuales, junto a los realizadores locales Daniel Ferrero, Leonel Del Piccolo y Cristian Varnelli. Finalmente, el \u00faltimo mi\u00e9rcoles tendr\u00e1 un cierre de lujo con Maite Lanata y Angelo Mutti Spinetta, dos de los actores y actrices m\u00e1s j\u00f3venes con mayor proyecci\u00f3n en cine y tv, quienes dialogar\u00e1n con los participantes sobre actuaci\u00f3n frente a c\u00e1mara.<\/p>\n","protected":false},"excerpt":{"rendered":"<p>En la tarde del mi\u00e9rcoles ser\u00e1 el turno del equipo local de profesionales, quienes compartir\u00e1n sus experiencias en relaci\u00f3n a los rubros audiovisuales de Direcci\u00f3n de Fotograf\u00eda y Operaci\u00f3n de C\u00e1mara. Los interesados en intervenir del encuentro virtual a\u00fan pueden inscribirse a&nbsp;festivalcortos72horas@gmail.com&nbsp;o seguirlo por la cuenta oficial de Facebook de la experiencia. La Municipalidad de <a href=\"https:\/\/armstrongyregion.com.ar\/diario\/el-municipio-continua-con-los-conversatorios-de-cortos-de-72-horas\/\" title=\"Read more\" >&#8230;<\/a><\/p>\n","protected":false},"author":1,"featured_media":27228,"comment_status":"open","ping_status":"open","sticky":false,"template":"","format":"image","meta":{"_jetpack_memberships_contains_paid_content":false,"footnotes":"","jetpack_publicize_message":"","jetpack_publicize_feature_enabled":true,"jetpack_social_post_already_shared":true,"jetpack_social_options":{"image_generator_settings":{"template":"highway","default_image_id":0,"enabled":false},"version":2}},"categories":[6,8,1,2,3],"tags":[],"class_list":["post-27227","post","type-post","status-publish","format-image","has-post-thumbnail","hentry","category-cultura-entretenimiento","category-deliberando","category-diario-armstrong","category-locales","category-region","post_format-post-format-image"],"jetpack_publicize_connections":[],"jetpack_featured_media_url":"https:\/\/armstrongyregion.com.ar\/diario\/wp-content\/uploads\/2020\/09\/WhatsApp-Image-2020-09-16-at-10.29.58.jpeg","jetpack_shortlink":"https:\/\/wp.me\/p62QDO-759","jetpack_sharing_enabled":true,"amp_enabled":true,"_links":{"self":[{"href":"https:\/\/armstrongyregion.com.ar\/diario\/wp-json\/wp\/v2\/posts\/27227","targetHints":{"allow":["GET"]}}],"collection":[{"href":"https:\/\/armstrongyregion.com.ar\/diario\/wp-json\/wp\/v2\/posts"}],"about":[{"href":"https:\/\/armstrongyregion.com.ar\/diario\/wp-json\/wp\/v2\/types\/post"}],"author":[{"embeddable":true,"href":"https:\/\/armstrongyregion.com.ar\/diario\/wp-json\/wp\/v2\/users\/1"}],"replies":[{"embeddable":true,"href":"https:\/\/armstrongyregion.com.ar\/diario\/wp-json\/wp\/v2\/comments?post=27227"}],"version-history":[{"count":2,"href":"https:\/\/armstrongyregion.com.ar\/diario\/wp-json\/wp\/v2\/posts\/27227\/revisions"}],"predecessor-version":[{"id":27230,"href":"https:\/\/armstrongyregion.com.ar\/diario\/wp-json\/wp\/v2\/posts\/27227\/revisions\/27230"}],"wp:featuredmedia":[{"embeddable":true,"href":"https:\/\/armstrongyregion.com.ar\/diario\/wp-json\/wp\/v2\/media\/27228"}],"wp:attachment":[{"href":"https:\/\/armstrongyregion.com.ar\/diario\/wp-json\/wp\/v2\/media?parent=27227"}],"wp:term":[{"taxonomy":"category","embeddable":true,"href":"https:\/\/armstrongyregion.com.ar\/diario\/wp-json\/wp\/v2\/categories?post=27227"},{"taxonomy":"post_tag","embeddable":true,"href":"https:\/\/armstrongyregion.com.ar\/diario\/wp-json\/wp\/v2\/tags?post=27227"}],"curies":[{"name":"wp","href":"https:\/\/api.w.org\/{rel}","templated":true}]}}