{"id":2722,"date":"2015-06-21T22:46:31","date_gmt":"2015-06-21T22:46:31","guid":{"rendered":"https:\/\/armstrongyregion.com.ar\/diario\/?p=2722"},"modified":"2015-06-21T22:46:31","modified_gmt":"2015-06-21T22:46:31","slug":"armstrong-celebro-el-dia-de-la-bandera","status":"publish","type":"post","link":"https:\/\/armstrongyregion.com.ar\/diario\/armstrong-celebro-el-dia-de-la-bandera\/","title":{"rendered":"Armstrong celebr\u00f3 el D\u00eda de la Bandera."},"content":{"rendered":"<p><a href=\"http:\/\/armstrongyregion.com.ar\/diario\/wp-content\/uploads\/2015\/06\/11037109_10207163042424632_6833474262406239773_n.jpg\"><img loading=\"lazy\" decoding=\"async\" class=\"alignnone size-medium wp-image-2723\" src=\"http:\/\/armstrongyregion.com.ar\/diario\/wp-content\/uploads\/2015\/06\/11037109_10207163042424632_6833474262406239773_n-300x199.jpg\" alt=\"Armstrong. Dia de la Bandera.\" width=\"300\" height=\"199\" srcset=\"https:\/\/armstrongyregion.com.ar\/diario\/wp-content\/uploads\/2015\/06\/11037109_10207163042424632_6833474262406239773_n-300x199.jpg 300w, https:\/\/armstrongyregion.com.ar\/diario\/wp-content\/uploads\/2015\/06\/11037109_10207163042424632_6833474262406239773_n.jpg 960w\" sizes=\"auto, (max-width: 300px) 100vw, 300px\" \/><\/a>El pasado s\u00e1bado 20 de junio a partir de las 14,30hs se celebr\u00f3 el Acto por el D\u00eda de la Bandera en la Plaza San Martin donde participaron autoridades municipales, instituciones, fuerzas vivas, y la comunidad de la Esc. Normal Superior N. 33, para Honrar la Memoria del Gral. Manuel Belgrano.<br \/>\nPor qu\u00e9 se Jura la Bandera?. La primera vez que se jur\u00f3 la Bandera fue el 25 de Mayo de 1812 en Jujuy, aunque muchos coinciden en que ese d\u00eda m\u00e1s que una jura fue una bendici\u00f3n para que protegiera a los soldados del ej\u00e9rcito.<br \/>\nHoy en d\u00eda se sigue la tradici\u00f3n de la Jura, que se realiza en todos los colegios del pa\u00eds cuando los chicos cursan 4to grado. Generalmente este es un momento muy emotivo porque refleja el amor, lealtad, fidelidad a la Patria y el respeto a la Bandera. Alumnos de Armstrong con emoci\u00f3n y alegr\u00eda este s\u00e1bado respondieron \u201cSi Prometo\u201d en dicha celebraci\u00f3n.<\/p>\n","protected":false},"excerpt":{"rendered":"<p>El pasado s\u00e1bado 20 de junio a partir de las 14,30hs se celebr\u00f3 el Acto por el D\u00eda de la Bandera en la Plaza San Martin donde participaron autoridades municipales, instituciones, fuerzas vivas, y la comunidad de la Esc. Normal Superior N. 33, para Honrar la Memoria del Gral. Manuel Belgrano. Por qu\u00e9 se Jura <a href=\"https:\/\/armstrongyregion.com.ar\/diario\/armstrong-celebro-el-dia-de-la-bandera\/\" title=\"Read more\" >&#8230;<\/a><\/p>\n","protected":false},"author":2,"featured_media":2723,"comment_status":"open","ping_status":"open","sticky":false,"template":"","format":"standard","meta":{"_jetpack_memberships_contains_paid_content":false,"footnotes":"","jetpack_publicize_message":"","jetpack_publicize_feature_enabled":true,"jetpack_social_post_already_shared":false,"jetpack_social_options":{"image_generator_settings":{"template":"highway","default_image_id":0,"enabled":false},"version":2}},"categories":[6,1,2],"tags":[20,1894,2040,19,793,16,31],"class_list":["post-2722","post","type-post","status-publish","format-standard","has-post-thumbnail","hentry","category-cultura-entretenimiento","category-diario-armstrong","category-locales","tag-armstrong","tag-bandera","tag-celebro","tag-de","tag-dia","tag-el","tag-la"],"jetpack_publicize_connections":[],"jetpack_featured_media_url":"https:\/\/armstrongyregion.com.ar\/diario\/wp-content\/uploads\/2015\/06\/11037109_10207163042424632_6833474262406239773_n.jpg","jetpack_shortlink":"https:\/\/wp.me\/p62QDO-HU","jetpack_sharing_enabled":true,"amp_enabled":true,"_links":{"self":[{"href":"https:\/\/armstrongyregion.com.ar\/diario\/wp-json\/wp\/v2\/posts\/2722","targetHints":{"allow":["GET"]}}],"collection":[{"href":"https:\/\/armstrongyregion.com.ar\/diario\/wp-json\/wp\/v2\/posts"}],"about":[{"href":"https:\/\/armstrongyregion.com.ar\/diario\/wp-json\/wp\/v2\/types\/post"}],"author":[{"embeddable":true,"href":"https:\/\/armstrongyregion.com.ar\/diario\/wp-json\/wp\/v2\/users\/2"}],"replies":[{"embeddable":true,"href":"https:\/\/armstrongyregion.com.ar\/diario\/wp-json\/wp\/v2\/comments?post=2722"}],"version-history":[{"count":0,"href":"https:\/\/armstrongyregion.com.ar\/diario\/wp-json\/wp\/v2\/posts\/2722\/revisions"}],"wp:featuredmedia":[{"embeddable":true,"href":"https:\/\/armstrongyregion.com.ar\/diario\/wp-json\/wp\/v2\/media\/2723"}],"wp:attachment":[{"href":"https:\/\/armstrongyregion.com.ar\/diario\/wp-json\/wp\/v2\/media?parent=2722"}],"wp:term":[{"taxonomy":"category","embeddable":true,"href":"https:\/\/armstrongyregion.com.ar\/diario\/wp-json\/wp\/v2\/categories?post=2722"},{"taxonomy":"post_tag","embeddable":true,"href":"https:\/\/armstrongyregion.com.ar\/diario\/wp-json\/wp\/v2\/tags?post=2722"}],"curies":[{"name":"wp","href":"https:\/\/api.w.org\/{rel}","templated":true}]}}