{"id":2719,"date":"2015-06-21T22:42:33","date_gmt":"2015-06-21T22:42:33","guid":{"rendered":"https:\/\/armstrongyregion.com.ar\/diario\/?p=2719"},"modified":"2015-06-21T22:42:33","modified_gmt":"2015-06-21T22:42:33","slug":"nueva-marcha-en-pedido-de-justicia-por-jorge-cejas","status":"publish","type":"post","link":"https:\/\/armstrongyregion.com.ar\/diario\/nueva-marcha-en-pedido-de-justicia-por-jorge-cejas\/","title":{"rendered":"Nueva marcha en pedido de Justicia por Jorge Cejas."},"content":{"rendered":"<p><a href=\"http:\/\/armstrongyregion.com.ar\/diario\/wp-content\/uploads\/2015\/06\/DSC_0295.jpg\"><img loading=\"lazy\" decoding=\"async\" class=\"alignnone size-medium wp-image-2720\" src=\"http:\/\/armstrongyregion.com.ar\/diario\/wp-content\/uploads\/2015\/06\/DSC_0295-300x200.jpg\" alt=\"Caso Cejas\" width=\"300\" height=\"200\" srcset=\"https:\/\/armstrongyregion.com.ar\/diario\/wp-content\/uploads\/2015\/06\/DSC_0295-300x200.jpg 300w, https:\/\/armstrongyregion.com.ar\/diario\/wp-content\/uploads\/2015\/06\/DSC_0295-1024x682.jpg 1024w\" sizes=\"auto, (max-width: 300px) 100vw, 300px\" \/><\/a>Este viernes, en una g\u00e9lida noche, un pu\u00f1ado de personas, junto a familiares participaron de la tradicional caminata, Graciela D\u00edaz, nos dec\u00eda: \u201cM\u00e1s all\u00e1 del fr\u00edo esto es algo que hay que mantener en la memoria, la idea es hacer las marchas cada 15 d\u00edas, ya hablamos con el fiscal, y antes de jubilarse va a tener que resolver\u201d.<br \/>\nD\u00edaz, continu\u00f3, \u201cTambi\u00e9n le planteamos temas con ten\u00edamos dudas, nos hab\u00edamos enterado de algunas cosas se estaban haciendo mal, por ejemplo, con herramientas o sea bienes del Sr. Jorge Cejas, si bien no es la preocupaci\u00f3n principal, lo econ\u00f3mico, tenemos que estar atentos para que no se hagan mal las cosas. Con respecto a la recompensa ofrecida, no tenemos informaci\u00f3n si hubo o no llamados porque a eso lo manejan de la Unidad Regional\u201d.<\/p>\n","protected":false},"excerpt":{"rendered":"<p>Este viernes, en una g\u00e9lida noche, un pu\u00f1ado de personas, junto a familiares participaron de la tradicional caminata, Graciela D\u00edaz, nos dec\u00eda: \u201cM\u00e1s all\u00e1 del fr\u00edo esto es algo que hay que mantener en la memoria, la idea es hacer las marchas cada 15 d\u00edas, ya hablamos con el fiscal, y antes de jubilarse va <a href=\"https:\/\/armstrongyregion.com.ar\/diario\/nueva-marcha-en-pedido-de-justicia-por-jorge-cejas\/\" title=\"Read more\" >&#8230;<\/a><\/p>\n","protected":false},"author":2,"featured_media":2720,"comment_status":"open","ping_status":"open","sticky":false,"template":"","format":"standard","meta":{"_jetpack_memberships_contains_paid_content":false,"footnotes":"","jetpack_publicize_message":"","jetpack_publicize_feature_enabled":true,"jetpack_social_post_already_shared":false,"jetpack_social_options":{"image_generator_settings":{"template":"highway","default_image_id":0,"enabled":false},"version":2}},"categories":[1,2,3],"tags":[274,19,15,807,452,276,275,812,60],"class_list":["post-2719","post","type-post","status-publish","format-standard","has-post-thumbnail","hentry","category-diario-armstrong","category-locales","category-region","tag-cejas","tag-de","tag-en","tag-jorge","tag-justicia","tag-marcha","tag-nueva","tag-pedido","tag-por"],"jetpack_publicize_connections":[],"jetpack_featured_media_url":"https:\/\/armstrongyregion.com.ar\/diario\/wp-content\/uploads\/2015\/06\/DSC_0295.jpg","jetpack_shortlink":"https:\/\/wp.me\/p62QDO-HR","jetpack_sharing_enabled":true,"amp_enabled":true,"_links":{"self":[{"href":"https:\/\/armstrongyregion.com.ar\/diario\/wp-json\/wp\/v2\/posts\/2719","targetHints":{"allow":["GET"]}}],"collection":[{"href":"https:\/\/armstrongyregion.com.ar\/diario\/wp-json\/wp\/v2\/posts"}],"about":[{"href":"https:\/\/armstrongyregion.com.ar\/diario\/wp-json\/wp\/v2\/types\/post"}],"author":[{"embeddable":true,"href":"https:\/\/armstrongyregion.com.ar\/diario\/wp-json\/wp\/v2\/users\/2"}],"replies":[{"embeddable":true,"href":"https:\/\/armstrongyregion.com.ar\/diario\/wp-json\/wp\/v2\/comments?post=2719"}],"version-history":[{"count":0,"href":"https:\/\/armstrongyregion.com.ar\/diario\/wp-json\/wp\/v2\/posts\/2719\/revisions"}],"wp:featuredmedia":[{"embeddable":true,"href":"https:\/\/armstrongyregion.com.ar\/diario\/wp-json\/wp\/v2\/media\/2720"}],"wp:attachment":[{"href":"https:\/\/armstrongyregion.com.ar\/diario\/wp-json\/wp\/v2\/media?parent=2719"}],"wp:term":[{"taxonomy":"category","embeddable":true,"href":"https:\/\/armstrongyregion.com.ar\/diario\/wp-json\/wp\/v2\/categories?post=2719"},{"taxonomy":"post_tag","embeddable":true,"href":"https:\/\/armstrongyregion.com.ar\/diario\/wp-json\/wp\/v2\/tags?post=2719"}],"curies":[{"name":"wp","href":"https:\/\/api.w.org\/{rel}","templated":true}]}}