{"id":27185,"date":"2020-09-14T15:01:56","date_gmt":"2020-09-14T15:01:56","guid":{"rendered":"https:\/\/armstrongyregion.com.ar\/diario\/?p=27185"},"modified":"2020-09-14T15:02:02","modified_gmt":"2020-09-14T15:02:02","slug":"concordia-ushuaia-ezeiza-rafaela-y-las-parejas-adhieren-al-plan-nacional-de-suelo-urbano","status":"publish","type":"post","link":"https:\/\/armstrongyregion.com.ar\/diario\/concordia-ushuaia-ezeiza-rafaela-y-las-parejas-adhieren-al-plan-nacional-de-suelo-urbano\/","title":{"rendered":"Concordia, Ushuaia, Ezeiza, Rafaela y Las Parejas adhieren al Plan Nacional de Suelo Urbano."},"content":{"rendered":"\n<figure class=\"wp-block-image size-large\"><img loading=\"lazy\" decoding=\"async\" width=\"540\" height=\"331\" src=\"http:\/\/armstrongyregion.com.ar\/diario\/wp-content\/uploads\/2020\/09\/20200914_115720-1.jpg\" alt=\"\" class=\"wp-image-27186\" srcset=\"https:\/\/armstrongyregion.com.ar\/diario\/wp-content\/uploads\/2020\/09\/20200914_115720-1.jpg 540w, https:\/\/armstrongyregion.com.ar\/diario\/wp-content\/uploads\/2020\/09\/20200914_115720-1-300x184.jpg 300w\" sizes=\"auto, (max-width: 540px) 100vw, 540px\" \/><\/figure>\n\n\n\n<h2 class=\"wp-block-heading\"> La ministra Bielsa particip\u00f3 de la adhesi\u00f3n al Plan Nacional de Suelo Urbano de los municipios de Concordia, Ushuaia, Ezeiza, Rafaela y Las Parejas.<\/h2>\n\n\n\n<p>Con la presencia de la ministra de Desarrollo Territorial y H\u00e1bitat,&nbsp;<strong>Mar\u00eda Eugenia Bielsa<\/strong>, los intendentes de Concordia,&nbsp;<strong>Alfredo Francolini<\/strong>; de Ushuaia,&nbsp;<strong>Walter Vuoto<\/strong>; de Rafaela,&nbsp;<strong>Luis Castellano<\/strong>&nbsp;y de Las Parejas y&nbsp;<strong>Gast\u00f3n Granados<\/strong>&nbsp;en representaci\u00f3n de Ezeiza, ,&nbsp;<strong>Horacio Compagnucci<\/strong>, suscribieron a los convenios de adhesi\u00f3n del Plan Nacional de Suelo Urbano para estos municipios.<\/p>\n\n\n\n<p>La firma de estos convenios, firmados individualmente, implica el aporte por parte del Estado Nacional, de recursos t\u00e9cnicos y materiales para la implementaci\u00f3n del Plan Nacional de Suelo Urbano en cada uno de los municipios y prev\u00e9 el financiamiento de Lotes con Servicios. Por su parte, los municipios se comprometen a propiciar toda la informaci\u00f3n catastral y dominial y el apoyo de los organismos que ejecuten programas de regularizaci\u00f3n urbana y dominial para el cumplimiento integral de los objetivos del programa.<\/p>\n\n\n\n<p>Acompa\u00f1ando a la ministra Bielsa estuvieron tambi\u00e9n los funcionarios del Ministerio de Desarrollo Territorial y H\u00e1bitat,&nbsp;<strong>Luciano Scatolini<\/strong>, subsecretario de Pol\u00edticas de Suelo y Urbanismo,&nbsp;<strong>Juan Pablo Negro<\/strong>, director Nacional de Proyectos Urban\u00edsticos y Habitacionales y&nbsp;<strong>Juan Ignacio Duarte<\/strong>, director Nacional de Pol\u00edtica de Suelo.<\/p>\n\n\n\n<p>Tras la firma,&nbsp;<strong>Scatolini<\/strong>&nbsp;expres\u00f3 que&nbsp;<em>\u201cestos convenios permitir\u00e1n contar con lotes con servicios y nuevas \u00e1reas urbanas para proyectos de Procrear. El Plan Nacional de Suelo que pusimos en marcha por primera vez en la Argentina, para estos cinco municipios que firmaron hoy, representan lotes nuevos a los que las familias que habiten en estos municipios podr\u00e1n acceder a trav\u00e9s de mecanismos transparentes y equitativos\u201d<\/em>.<\/p>\n\n\n\n<p>Asimismo, durante la reuni\u00f3n con el municipio santafesino de Rafaela, estuvieron presentes el subsecretario de Asuntos Municipales del Ministerio del Interior,&nbsp;<strong>Pablo Giles<\/strong>&nbsp;y la ministra de Infraestructura, Servicios P\u00fablicos y H\u00e1bitat de Santa Fe,&nbsp;<strong>Silvina Frana<\/strong>.<\/p>\n\n\n\n<p>Durante su participaci\u00f3n,&nbsp;<strong>Giles<\/strong>&nbsp;destac\u00f3 que&nbsp;<em>\u00abeste encuentro pone en valor la sinergia que estamos haciendo desde el Estado Nacional, para que los gobiernos locales vuelvan a ser protagonistas de la Argentina que queremos y eso es una manera directa a la gente. Estoy orgulloso de ser parte de una pol\u00edtica que se dise\u00f1\u00f3 ya hace muchos a\u00f1os y que pone en valor la Argentina federal que queremos construir entre todos y todas\u00bb<\/em>.<\/p>\n\n\n\n<p>El Plan Nacional de Suelo Urbano, apunta a la articulaci\u00f3n con gobiernos provinciales y municipales, y cuenta con cuatro ejes program\u00e1ticos: el Programa Nacional de Producci\u00f3n de Suelo, el Programa Nacional de Capacitaci\u00f3n y Asistencia T\u00e9cnica, la Mesa Intersectorial de Pol\u00edtica de Suelo y el Observatorio Nacional de Acceso al Suelo.<\/p>\n\n\n\n<p>Los beneficios directos de esta nueva iniciativa incluyen la ampliaci\u00f3n del acceso al suelo urbano para familias de todo el pa\u00eds, una mejora en las pol\u00edticas de h\u00e1bitat con la generaci\u00f3n de suelo para la construcci\u00f3n de viviendas, acuerdos entre el Estado y propietarios del suelo para el desarrollo de convenios urban\u00edsticos y la promoci\u00f3n del arraigo en cada localidad, pensando en el desarrollo y crecimiento equilibrado en todo el pa\u00eds, avanzando en y potenciando las ciudades intermedias en todas las regiones del territorio.<\/p>\n","protected":false},"excerpt":{"rendered":"<p>La ministra Bielsa particip\u00f3 de la adhesi\u00f3n al Plan Nacional de Suelo Urbano de los municipios de Concordia, Ushuaia, Ezeiza, Rafaela y Las Parejas. Con la presencia de la ministra de Desarrollo Territorial y H\u00e1bitat,&nbsp;Mar\u00eda Eugenia Bielsa, los intendentes de Concordia,&nbsp;Alfredo Francolini; de Ushuaia,&nbsp;Walter Vuoto; de Rafaela,&nbsp;Luis Castellano&nbsp;y de Las Parejas y&nbsp;Gast\u00f3n Granados&nbsp;en representaci\u00f3n de <a href=\"https:\/\/armstrongyregion.com.ar\/diario\/concordia-ushuaia-ezeiza-rafaela-y-las-parejas-adhieren-al-plan-nacional-de-suelo-urbano\/\" title=\"Read more\" >&#8230;<\/a><\/p>\n","protected":false},"author":1,"featured_media":27186,"comment_status":"open","ping_status":"open","sticky":false,"template":"","format":"image","meta":{"_jetpack_memberships_contains_paid_content":false,"footnotes":"","jetpack_publicize_message":"","jetpack_publicize_feature_enabled":true,"jetpack_social_post_already_shared":true,"jetpack_social_options":{"image_generator_settings":{"template":"highway","default_image_id":0,"enabled":false},"version":2}},"categories":[8,1,2,7,3],"tags":[],"class_list":["post-27185","post","type-post","status-publish","format-image","has-post-thumbnail","hentry","category-deliberando","category-diario-armstrong","category-locales","category-politica","category-region","post_format-post-format-image"],"jetpack_publicize_connections":[],"jetpack_featured_media_url":"https:\/\/armstrongyregion.com.ar\/diario\/wp-content\/uploads\/2020\/09\/20200914_115720-1.jpg","jetpack_shortlink":"https:\/\/wp.me\/p62QDO-74t","jetpack_sharing_enabled":true,"amp_enabled":true,"_links":{"self":[{"href":"https:\/\/armstrongyregion.com.ar\/diario\/wp-json\/wp\/v2\/posts\/27185","targetHints":{"allow":["GET"]}}],"collection":[{"href":"https:\/\/armstrongyregion.com.ar\/diario\/wp-json\/wp\/v2\/posts"}],"about":[{"href":"https:\/\/armstrongyregion.com.ar\/diario\/wp-json\/wp\/v2\/types\/post"}],"author":[{"embeddable":true,"href":"https:\/\/armstrongyregion.com.ar\/diario\/wp-json\/wp\/v2\/users\/1"}],"replies":[{"embeddable":true,"href":"https:\/\/armstrongyregion.com.ar\/diario\/wp-json\/wp\/v2\/comments?post=27185"}],"version-history":[{"count":1,"href":"https:\/\/armstrongyregion.com.ar\/diario\/wp-json\/wp\/v2\/posts\/27185\/revisions"}],"predecessor-version":[{"id":27187,"href":"https:\/\/armstrongyregion.com.ar\/diario\/wp-json\/wp\/v2\/posts\/27185\/revisions\/27187"}],"wp:featuredmedia":[{"embeddable":true,"href":"https:\/\/armstrongyregion.com.ar\/diario\/wp-json\/wp\/v2\/media\/27186"}],"wp:attachment":[{"href":"https:\/\/armstrongyregion.com.ar\/diario\/wp-json\/wp\/v2\/media?parent=27185"}],"wp:term":[{"taxonomy":"category","embeddable":true,"href":"https:\/\/armstrongyregion.com.ar\/diario\/wp-json\/wp\/v2\/categories?post=27185"},{"taxonomy":"post_tag","embeddable":true,"href":"https:\/\/armstrongyregion.com.ar\/diario\/wp-json\/wp\/v2\/tags?post=27185"}],"curies":[{"name":"wp","href":"https:\/\/api.w.org\/{rel}","templated":true}]}}