{"id":27165,"date":"2020-09-13T15:03:18","date_gmt":"2020-09-13T15:03:18","guid":{"rendered":"https:\/\/armstrongyregion.com.ar\/diario\/?p=27165"},"modified":"2020-09-13T15:03:22","modified_gmt":"2020-09-13T15:03:22","slug":"once-nuevos-cursos-de-formacion-gratuita-virtual-para-docentes","status":"publish","type":"post","link":"https:\/\/armstrongyregion.com.ar\/diario\/once-nuevos-cursos-de-formacion-gratuita-virtual-para-docentes\/","title":{"rendered":"Once nuevos cursos de formaci\u00f3n gratuita virtual para docentes."},"content":{"rendered":"\n<figure class=\"wp-block-image size-large\"><img loading=\"lazy\" decoding=\"async\" width=\"800\" height=\"450\" src=\"http:\/\/armstrongyregion.com.ar\/diario\/wp-content\/uploads\/2020\/09\/formacion_docente_1.jpg_1756841869.jpg\" alt=\"\" class=\"wp-image-27166\" srcset=\"https:\/\/armstrongyregion.com.ar\/diario\/wp-content\/uploads\/2020\/09\/formacion_docente_1.jpg_1756841869.jpg 800w, https:\/\/armstrongyregion.com.ar\/diario\/wp-content\/uploads\/2020\/09\/formacion_docente_1.jpg_1756841869-300x169.jpg 300w, https:\/\/armstrongyregion.com.ar\/diario\/wp-content\/uploads\/2020\/09\/formacion_docente_1.jpg_1756841869-768x432.jpg 768w\" sizes=\"auto, (max-width: 800px) 100vw, 800px\" \/><\/figure>\n\n\n\n<h2 class=\"wp-block-heading\"> El Instituto Nacional de Formaci\u00f3n Docente del Ministerio de Educaci\u00f3n de Argentina llevar\u00e1 a cabo espacios de capacitaci\u00f3n sin cargo y bajo modalidad virtual.<\/h2>\n\n\n\n<p> Las inscripciones iniciaron el 7 de septiembre a trav\u00e9s del sitio web. <\/p>\n\n\n\n<p> Las propuestas se dise\u00f1aron en base a las necesidades de los y las docentes en el marco del aislamiento obligatorio y acompa\u00f1an los lineamientos de pol\u00edtica educativa propuestos en el marco del Consejo Federal de Educaci\u00f3n, con la participaci\u00f3n de todas las jurisdicciones. <\/p>\n\n\n\n<p>Los cursos est\u00e1n destinados a maestros, profesores y directivos de todos los niveles del sistema educativo y estudiantes de formaci\u00f3n docente.<\/p>\n\n\n\n<p>Se desarrollar\u00e1n entre septiembre y diciembre y ser\u00e1n tutorados por especialistas de cada tem\u00e1tica. Son gratuitos y la cursada es enteramente virtual.<\/p>\n\n\n\n<p>En el sitio web estar\u00e1 disponible la informaci\u00f3n completa y&nbsp; el enlace de inscripci\u00f3n de cada curso:<\/p>\n\n\n\n<p>\u2022 ESI: un derecho. Un desaf\u00edo. Un camino por recorrer: destinado a estudiantes de ISFD. Inicia el 21\/09\/20.<\/p>\n\n\n\n<p> \u2022 ESI: derechos y diversidad sexual: destinado a estudiantes de ISFD. Inicia el 21\/09\/20. <\/p>\n\n\n\n<p>Conducir en la emergencia: destinado a equipos directivos de educaci\u00f3n obligatoria. Inicia el 22\/09\/20.<\/p>\n\n\n\n<p>\u2022 Ense\u00f1ar en escenarios diversos: destinado a docentes de educaci\u00f3n primaria y secundaria, divididos por nivel y \u00e1rea de conocimiento. Inicia el 22\/09\/20.<\/p>\n\n\n\n<p>\u2022 Pandemia, educaci\u00f3n y factores socioafectivos. Reflexiones y perspectivas orientadas hacia una pedagog\u00eda del cuidado: destinado a docentes de educaci\u00f3n obligatoria. Inicia el 22\/09\/20.<\/p>\n\n\n\n<p>\u2022 El trabajo de los docentes ante el desaf\u00edo de las nuevas formas escolares: destinado a docentes de educaci\u00f3n obligatoria. Inicia el 22\/09\/20.<\/p>\n\n\n\n<p>\u2022 Acompa\u00f1amiento a las trayectorias estudiantiles: destinado a docentes de educaci\u00f3n obligatoria. Inicia el 22\/09\/20.<\/p>\n\n\n\n<p>\u2022 Herramientas digitales: destinado a docentes de todos los niveles. Inicia el 22\/09\/20.<\/p>\n\n\n\n<p>\u2022 Saberes necesarios para repensar las pr\u00e1cticas educativas en la formaci\u00f3n docente: destinado a docentes de ISFD. Inicia el 29\/09\/20.<\/p>\n\n\n\n<p>\u2022 Cuando pase el temblor: temas de pedagog\u00eda en el futuro cercano: destinado a docentes de ISFD. Inicia el 05\/10\/20.<\/p>\n\n\n\n<p>\u2022 La escuela y la biblioteca como comunidad de lectura: destinado a bibliotecarios\/as y docentes. Inicia el 05\/10\/20.<\/p>\n\n\n\n<p>Estos se suman a los cursos que ya dicta el INFoD, tanto tutorados como auto-asistidos. La totalidad de la propuesta ha sido construida a partir de definiciones del Ministerio de Educaci\u00f3n a fin de garantizar la continuidad pedag\u00f3gica y formar a docentes de todo el pa\u00eds en este contexto de pandemia.<\/p>\n\n\n\n<p> Los cursos tutorados otorgan certificado. <\/p>\n","protected":false},"excerpt":{"rendered":"<p>El Instituto Nacional de Formaci\u00f3n Docente del Ministerio de Educaci\u00f3n de Argentina llevar\u00e1 a cabo espacios de capacitaci\u00f3n sin cargo y bajo modalidad virtual. Las inscripciones iniciaron el 7 de septiembre a trav\u00e9s del sitio web. Las propuestas se dise\u00f1aron en base a las necesidades de los y las docentes en el marco del aislamiento <a href=\"https:\/\/armstrongyregion.com.ar\/diario\/once-nuevos-cursos-de-formacion-gratuita-virtual-para-docentes\/\" title=\"Read more\" >&#8230;<\/a><\/p>\n","protected":false},"author":1,"featured_media":27166,"comment_status":"open","ping_status":"open","sticky":false,"template":"","format":"image","meta":{"_jetpack_memberships_contains_paid_content":false,"footnotes":"","jetpack_publicize_message":"","jetpack_publicize_feature_enabled":true,"jetpack_social_post_already_shared":true,"jetpack_social_options":{"image_generator_settings":{"template":"highway","default_image_id":0,"enabled":false},"version":2}},"categories":[6,8,1,2,7,3],"tags":[],"class_list":["post-27165","post","type-post","status-publish","format-image","has-post-thumbnail","hentry","category-cultura-entretenimiento","category-deliberando","category-diario-armstrong","category-locales","category-politica","category-region","post_format-post-format-image"],"jetpack_publicize_connections":[],"jetpack_featured_media_url":"https:\/\/armstrongyregion.com.ar\/diario\/wp-content\/uploads\/2020\/09\/formacion_docente_1.jpg_1756841869.jpg","jetpack_shortlink":"https:\/\/wp.me\/p62QDO-749","jetpack_sharing_enabled":true,"amp_enabled":true,"_links":{"self":[{"href":"https:\/\/armstrongyregion.com.ar\/diario\/wp-json\/wp\/v2\/posts\/27165","targetHints":{"allow":["GET"]}}],"collection":[{"href":"https:\/\/armstrongyregion.com.ar\/diario\/wp-json\/wp\/v2\/posts"}],"about":[{"href":"https:\/\/armstrongyregion.com.ar\/diario\/wp-json\/wp\/v2\/types\/post"}],"author":[{"embeddable":true,"href":"https:\/\/armstrongyregion.com.ar\/diario\/wp-json\/wp\/v2\/users\/1"}],"replies":[{"embeddable":true,"href":"https:\/\/armstrongyregion.com.ar\/diario\/wp-json\/wp\/v2\/comments?post=27165"}],"version-history":[{"count":1,"href":"https:\/\/armstrongyregion.com.ar\/diario\/wp-json\/wp\/v2\/posts\/27165\/revisions"}],"predecessor-version":[{"id":27167,"href":"https:\/\/armstrongyregion.com.ar\/diario\/wp-json\/wp\/v2\/posts\/27165\/revisions\/27167"}],"wp:featuredmedia":[{"embeddable":true,"href":"https:\/\/armstrongyregion.com.ar\/diario\/wp-json\/wp\/v2\/media\/27166"}],"wp:attachment":[{"href":"https:\/\/armstrongyregion.com.ar\/diario\/wp-json\/wp\/v2\/media?parent=27165"}],"wp:term":[{"taxonomy":"category","embeddable":true,"href":"https:\/\/armstrongyregion.com.ar\/diario\/wp-json\/wp\/v2\/categories?post=27165"},{"taxonomy":"post_tag","embeddable":true,"href":"https:\/\/armstrongyregion.com.ar\/diario\/wp-json\/wp\/v2\/tags?post=27165"}],"curies":[{"name":"wp","href":"https:\/\/api.w.org\/{rel}","templated":true}]}}