{"id":27126,"date":"2020-09-09T22:05:16","date_gmt":"2020-09-09T22:05:16","guid":{"rendered":"https:\/\/armstrongyregion.com.ar\/diario\/?p=27126"},"modified":"2020-09-09T22:05:20","modified_gmt":"2020-09-09T22:05:20","slug":"avanzan-las-obras-para-el-nuevo-edificio-de-la-escuela-tecnica-n-291-de-armstrong","status":"publish","type":"post","link":"https:\/\/armstrongyregion.com.ar\/diario\/avanzan-las-obras-para-el-nuevo-edificio-de-la-escuela-tecnica-n-291-de-armstrong\/","title":{"rendered":"Avanzan las obras para el nuevo edificio de la Escuela T\u00e9cnica N\u00b0 291 de Armstrong."},"content":{"rendered":"\n<figure class=\"wp-block-image size-large\"><img loading=\"lazy\" decoding=\"async\" width=\"516\" height=\"387\" src=\"http:\/\/armstrongyregion.com.ar\/diario\/wp-content\/uploads\/2020\/09\/IMG-20200909-WA0083.jpg\" alt=\"\" class=\"wp-image-27127\" srcset=\"https:\/\/armstrongyregion.com.ar\/diario\/wp-content\/uploads\/2020\/09\/IMG-20200909-WA0083.jpg 516w, https:\/\/armstrongyregion.com.ar\/diario\/wp-content\/uploads\/2020\/09\/IMG-20200909-WA0083-300x225.jpg 300w\" sizes=\"auto, (max-width: 516px) 100vw, 516px\" \/><\/figure>\n\n\n\n<h2 class=\"wp-block-heading\"> Desde agosto se est\u00e1n ejecutando los trabajos de cimientos y alba\u00f1iler\u00eda en lo que ser\u00e1 el edificio propio del establecimiento educativo, que beneficiar\u00e1n a m\u00e1s de 200 alumnos.<\/h2>\n\n\n\n<figure class=\"wp-block-image size-large\"><img loading=\"lazy\" decoding=\"async\" width=\"640\" height=\"360\" src=\"http:\/\/armstrongyregion.com.ar\/diario\/wp-content\/uploads\/2020\/09\/IMG-20200909-WA0084.jpg\" alt=\"\" class=\"wp-image-27128\" srcset=\"https:\/\/armstrongyregion.com.ar\/diario\/wp-content\/uploads\/2020\/09\/IMG-20200909-WA0084.jpg 640w, https:\/\/armstrongyregion.com.ar\/diario\/wp-content\/uploads\/2020\/09\/IMG-20200909-WA0084-300x169.jpg 300w\" sizes=\"auto, (max-width: 640px) 100vw, 640px\" \/><\/figure>\n\n\n\n<p> El ministerio de Infraestructura, Servicios P\u00fablicos y H\u00e1bitat, reinici\u00f3 los trabajos para la construcci\u00f3n del nuevo edificio de la Escuela de Educaci\u00f3n Secundaria-T\u00e9cnica N\u00ba 291 \u201cTeniente Coronel Fray Luis Beltr\u00e1n\u201d de la localidad de Armstrong, departamento Belgrano.<br>Este nuevo edificio responde a la problem\u00e1tica que vive la comunidad educativa del mismo, tanto en el uso adecuado de los espacios, que no cumplen los requerimientos espaciales necesarios para llevar adelante las actividades educativas, como el hecho de que el edificio posee construcciones precarias, sin ser funcional a los fines de una escuela t\u00e9cnica.<br>Al respecto, la ministra Silvina Frana se refiri\u00f3 al avance de los trabajos: \u201cLas obras en educaci\u00f3n son una pol\u00edtica de Estado para este gobierno. Y esta era una obra a la que se le adeudaban los certificados desde mediados de 2019, correspondientes a la gesti\u00f3n anterior\u00bb. Y continu\u00f3: \u00abDesde que asumimos en diciembre, nos comprometimos a dar continuidad a las obras relacionadas con la educaci\u00f3n, la salud y la seguridad como prioridades. Y no fue un camino f\u00e1cil porque tuvimos que llevar adelante un proceso de consolidaci\u00f3n de deudas con las empresas contratistas, saldar lo adeudado, y asi es que pudimos retomar los trabajos que hoy se est\u00e1n ejecutando en esta importante escuela\u201d.\u00a0<br>\u201cSin importar el color pol\u00edtico que inici\u00f3 este proyecto, nosotros queremos continuar y hacer las obras que verdaderamente se necesitan en cada rinc\u00f3n de la provincia. La pandemia nos oblig\u00f3 a priorizar las urgencias en la infraestructura sanitaria, pero nunca dejamos de lado las dem\u00e1s obras. Porque sabemos que invertir en el futuro de la educaci\u00f3n santafesina, es invertir en el aprendizaje de nuestros ni\u00f1os, ni\u00f1as y adolescentes, particularmente en una localidad con un fuerte desarrollo de la zona industrial y la consecuente necesidad de t\u00e9cnicos profesionales\u201d.<br>Por su parte, el director Provincial de la DIPAI, Gustavo Sol\u00eds, explic\u00f3 el grado de avance: \u201cNi bien se inici\u00f3 la obra en noviembre de 2018, se aprob\u00f3 un adicional de $10.118.409,72 porque la empresa constructora, a trav\u00e9s de un estudio de suelos, deb\u00ed\u00f3 realizar un replanteo en la estructura de fundaci\u00f3n. Por este motivo se retras\u00f3 el comienzo de la obra licitada. Debido a las condiciones del suelo, se sumaron nuevos pilotes de hormig\u00f3n para que soporten el peso de la estructura. De este adicional se ejecut\u00f3 el 93%, y la obra licitada y contratada la retomamos con 8,5% de avance\u201d. <\/p>\n\n\n\n<p>\n\nLA OBRA&nbsp;<br>Con un presupuesto de $64.746.000, el nuevo edificio posee una superficie cubierta de 2550 metros cuadrados, y contempla, en planta baja, hall principal, escaleras, ascensor con dep\u00f3sito, rampa para discapacitados, \u00e1rea parquizada, bicicleteros, \u00e1rea de gobierno, sal\u00f3n de usos m\u00faltiples, dep\u00f3sito, cantina, cocina, cinco talleres, laboratorio, sanitarios y patio central. En tanto, en planta alta, dispondr\u00e1 de seis aulas, sala multimedial y biblioteca.<br>El proyecto conservar\u00e1 la fachada patrimonial de la ochava de calle Rivadavia, en su intersecci\u00f3n con el bulevar San Mart\u00edn, como sello distintivo y emblem\u00e1tico de la escuela para con la comunidad.\n\n<\/p>\n","protected":false},"excerpt":{"rendered":"<p>Desde agosto se est\u00e1n ejecutando los trabajos de cimientos y alba\u00f1iler\u00eda en lo que ser\u00e1 el edificio propio del establecimiento educativo, que beneficiar\u00e1n a m\u00e1s de 200 alumnos. El ministerio de Infraestructura, Servicios P\u00fablicos y H\u00e1bitat, reinici\u00f3 los trabajos para la construcci\u00f3n del nuevo edificio de la Escuela de Educaci\u00f3n Secundaria-T\u00e9cnica N\u00ba 291 \u201cTeniente Coronel <a href=\"https:\/\/armstrongyregion.com.ar\/diario\/avanzan-las-obras-para-el-nuevo-edificio-de-la-escuela-tecnica-n-291-de-armstrong\/\" title=\"Read more\" >&#8230;<\/a><\/p>\n","protected":false},"author":1,"featured_media":27128,"comment_status":"open","ping_status":"open","sticky":false,"template":"","format":"image","meta":{"_jetpack_memberships_contains_paid_content":false,"footnotes":"","jetpack_publicize_message":"","jetpack_publicize_feature_enabled":true,"jetpack_social_post_already_shared":true,"jetpack_social_options":{"image_generator_settings":{"template":"highway","default_image_id":0,"enabled":false},"version":2}},"categories":[8,1,2,7,3],"tags":[],"class_list":["post-27126","post","type-post","status-publish","format-image","has-post-thumbnail","hentry","category-deliberando","category-diario-armstrong","category-locales","category-politica","category-region","post_format-post-format-image"],"jetpack_publicize_connections":[],"jetpack_featured_media_url":"https:\/\/armstrongyregion.com.ar\/diario\/wp-content\/uploads\/2020\/09\/IMG-20200909-WA0084.jpg","jetpack_shortlink":"https:\/\/wp.me\/p62QDO-73w","jetpack_sharing_enabled":true,"amp_enabled":true,"_links":{"self":[{"href":"https:\/\/armstrongyregion.com.ar\/diario\/wp-json\/wp\/v2\/posts\/27126","targetHints":{"allow":["GET"]}}],"collection":[{"href":"https:\/\/armstrongyregion.com.ar\/diario\/wp-json\/wp\/v2\/posts"}],"about":[{"href":"https:\/\/armstrongyregion.com.ar\/diario\/wp-json\/wp\/v2\/types\/post"}],"author":[{"embeddable":true,"href":"https:\/\/armstrongyregion.com.ar\/diario\/wp-json\/wp\/v2\/users\/1"}],"replies":[{"embeddable":true,"href":"https:\/\/armstrongyregion.com.ar\/diario\/wp-json\/wp\/v2\/comments?post=27126"}],"version-history":[{"count":1,"href":"https:\/\/armstrongyregion.com.ar\/diario\/wp-json\/wp\/v2\/posts\/27126\/revisions"}],"predecessor-version":[{"id":27129,"href":"https:\/\/armstrongyregion.com.ar\/diario\/wp-json\/wp\/v2\/posts\/27126\/revisions\/27129"}],"wp:featuredmedia":[{"embeddable":true,"href":"https:\/\/armstrongyregion.com.ar\/diario\/wp-json\/wp\/v2\/media\/27128"}],"wp:attachment":[{"href":"https:\/\/armstrongyregion.com.ar\/diario\/wp-json\/wp\/v2\/media?parent=27126"}],"wp:term":[{"taxonomy":"category","embeddable":true,"href":"https:\/\/armstrongyregion.com.ar\/diario\/wp-json\/wp\/v2\/categories?post=27126"},{"taxonomy":"post_tag","embeddable":true,"href":"https:\/\/armstrongyregion.com.ar\/diario\/wp-json\/wp\/v2\/tags?post=27126"}],"curies":[{"name":"wp","href":"https:\/\/api.w.org\/{rel}","templated":true}]}}