{"id":27123,"date":"2020-09-09T15:52:51","date_gmt":"2020-09-09T15:52:51","guid":{"rendered":"https:\/\/armstrongyregion.com.ar\/diario\/?p=27123"},"modified":"2020-09-09T15:52:54","modified_gmt":"2020-09-09T15:52:54","slug":"procrear-las-claves-de-la-inscripcion-que-empieza-este-viernes","status":"publish","type":"post","link":"https:\/\/armstrongyregion.com.ar\/diario\/procrear-las-claves-de-la-inscripcion-que-empieza-este-viernes\/","title":{"rendered":"Procrear: las claves de la inscripci\u00f3n que empieza este viernes."},"content":{"rendered":"\n<figure class=\"wp-block-image size-large\"><img loading=\"lazy\" decoding=\"async\" width=\"641\" height=\"358\" src=\"http:\/\/armstrongyregion.com.ar\/diario\/wp-content\/uploads\/2020\/09\/procrear.jpg\" alt=\"\" class=\"wp-image-27124\" srcset=\"https:\/\/armstrongyregion.com.ar\/diario\/wp-content\/uploads\/2020\/09\/procrear.jpg 641w, https:\/\/armstrongyregion.com.ar\/diario\/wp-content\/uploads\/2020\/09\/procrear-300x168.jpg 300w\" sizes=\"auto, (max-width: 641px) 100vw, 641px\" \/><\/figure>\n\n\n\n<h2 class=\"wp-block-heading\"> El programa prev\u00e9 diferentes l\u00edneas de cr\u00e9ditos muy accesibles para construcci\u00f3n, refacci\u00f3n o ampliaci\u00f3n de viviendas. Los pasos a seguir. <\/h2>\n\n\n\n<p>Este viernes se abrir\u00e1 la&nbsp;<strong><a href=\"https:\/\/www.lacapital.com.ar\/inscripcion-a23373\">inscripci\u00f3n<\/a><\/strong>&nbsp;para la edici\u00f3n 2020 del Plan&nbsp;<strong><a href=\"https:\/\/www.lacapital.com.ar\/procrear-a27966\">Procrear<\/a>,<\/strong>&nbsp;que otorgar\u00e1 diferentes l\u00edneas de cr\u00e9dito para la construcci\u00f3n, refacci\u00f3n o ampliaci\u00f3n de&nbsp;<strong><a href=\"https:\/\/www.lacapital.com.ar\/viviendas-a3218\">viviendas<\/a><\/strong>. El gobierno nacional prev\u00e9 una inversi\u00f3n global de 25 mil millones de pesos para ese programa.<\/p>\n\n\n\n<p>La novedad que presenta este nuevo Procrear, que se propone construir 44 mil nuevas viviendas, es que el cr\u00e9dito se enmarcar\u00e1 en la nueva f\u00f3rmula \u201cHogAr\u201d que se ajusta al aumento de los sueldos y no a la inflaci\u00f3n como su antecesor \u201cUva\u201d.<\/p>\n\n\n\n<p>La apertura se mantendr\u00e1 abierta por tres semanas y los interesados podr\u00e1n anotarse a trav\u00e9s del sitio\u00a0<a rel=\"noreferrer noopener\" href=\"https:\/\/www.argentina.gob.ar\/habitat\/Procrear\" target=\"_blank\"><strong>www.argentina.gob.ar\/habitat\/procrear<\/strong><\/a>\u00a0.<\/p>\n\n\n\n<p><strong>Los requisitos<\/strong>&nbsp;para acceder a las dos l\u00edneas con inscripci\u00f3n abierta Procrear 2020 son los siguientes:<\/p>\n\n\n\n<p>\u2013 Ser argentino\/a, natural o por opci\u00f3n, o extranjero\/a con residencia permanente.<\/p>\n\n\n\n<p>\u2013 Contar con Documento Nacional de Identidad vigente.<\/p>\n\n\n\n<p>\u2013 El grupo familiar deber\u00e1 contar con ingresos provenientes de trabajos formales, jubilaciones y\/o pensiones.<\/p>\n\n\n\n<p>\u2013 La suma de los ingresos del grupo familiar en forma mensual netos deber\u00e1n estar en el rango de uno y medio (1,5) y ocho (8) unidades de SMVyM (salario m\u00ednimo vital y m\u00f3vil) al momento de la inscripci\u00f3n.<\/p>\n\n\n\n<p>\u2013 Tener entre dieciocho (18) y sesenta y ocho (68) a\u00f1os al momento de la inscripci\u00f3n.<\/p>\n\n\n\n<p>\u2013 Ser propietario\/a o alquilar un inmueble que cuente con alg\u00fan tipo de d\u00e9ficit cualitativo<\/p>\n\n\n\n<p>\u2013 No registrar antecedentes financieros desfavorables en los \u00faltimos doce (12) meses.<\/p>\n\n\n\n<p>\u2013 No encontrarse inhibido.<\/p>\n\n\n\n<p>\u2013 Registrar situaci\u00f3n 1-Normal en la consulta de informaci\u00f3n financiera por Cuil en el Banco Central, en los \u00faltimos doce meses.<\/p>\n\n\n\n<p>Una vez dentro del sitio se deber\u00e1 llenar un formulario con informaci\u00f3n personal. En el caso de que sean matrimonios o parejas, se permite un cotitular que ser\u00e1 agregado autom\u00e1ticamente para los solicitantes casados y deber\u00e1 ser ingresado por el resto.<\/p>\n\n\n\n<p>En la l\u00ednea mejoramientos\u2013microcr\u00e9ditos de $50.000 a 60 meses, la cuota estimada es de $1.590, con una tasa fija del 24%. El programa ofrecer\u00e1 en total 120.000 soluciones de este tipo. Es para la compra de materiales, posibilitar obras de peque\u00f1a escala destinadas al mejoramiento de las condiciones habitacionales de las viviendas.<\/p>\n\n\n\n<p>Mientras que en el caso de mejoramientos\u2013refacci\u00f3n de $500.000 a 180 meses, la cuota estimada es de $12.738, con una tasa fija del 24%. Esta l\u00ednea ofrece 70 mil cupos, en tres modalidades distintas: hasta $100.000, hasta $250.000 y hasta $500.000. Posibilitar el acceso al cr\u00e9dito para mejorar las condiciones habitacionales de las viviendas.<\/p>\n\n\n\n<p>Quienes no sean seleccionado quedar\u00e1n en la base de datos para los pr\u00f3ximos sorteos. El dinero ser\u00e1 depositado en la cuenta bancaria creada especialmente en el Banco Hipotecario para los solicitantes que resulten sorteados.<\/p>\n\n\n\n<p>El dep\u00f3sito se realizar\u00e1 en septiembre y podr\u00e1 ser utilizado con tarjeta de d\u00e9bito. El primer pago, en las dos l\u00edneas ya funcionales, se har\u00e1 en enero de 2021.<\/p>\n\n\n\n<p>Hasta el momento se inscribieron 160.000 personas. En el Ministerio de Desarrollo Territorial y H\u00e1bitat esperan que al momento del primer sorteo ya sean 200.000 los participantes.<\/p>\n","protected":false},"excerpt":{"rendered":"<p>El programa prev\u00e9 diferentes l\u00edneas de cr\u00e9ditos muy accesibles para construcci\u00f3n, refacci\u00f3n o ampliaci\u00f3n de viviendas. Los pasos a seguir. Este viernes se abrir\u00e1 la&nbsp;inscripci\u00f3n&nbsp;para la edici\u00f3n 2020 del Plan&nbsp;Procrear,&nbsp;que otorgar\u00e1 diferentes l\u00edneas de cr\u00e9dito para la construcci\u00f3n, refacci\u00f3n o ampliaci\u00f3n de&nbsp;viviendas. El gobierno nacional prev\u00e9 una inversi\u00f3n global de 25 mil millones de pesos <a href=\"https:\/\/armstrongyregion.com.ar\/diario\/procrear-las-claves-de-la-inscripcion-que-empieza-este-viernes\/\" title=\"Read more\" >&#8230;<\/a><\/p>\n","protected":false},"author":1,"featured_media":27124,"comment_status":"open","ping_status":"open","sticky":false,"template":"","format":"image","meta":{"_jetpack_memberships_contains_paid_content":false,"footnotes":"","jetpack_publicize_message":"","jetpack_publicize_feature_enabled":true,"jetpack_social_post_already_shared":true,"jetpack_social_options":{"image_generator_settings":{"template":"highway","default_image_id":0,"enabled":false},"version":2}},"categories":[8,1,7,3],"tags":[],"class_list":["post-27123","post","type-post","status-publish","format-image","has-post-thumbnail","hentry","category-deliberando","category-diario-armstrong","category-politica","category-region","post_format-post-format-image"],"jetpack_publicize_connections":[],"jetpack_featured_media_url":"https:\/\/armstrongyregion.com.ar\/diario\/wp-content\/uploads\/2020\/09\/procrear.jpg","jetpack_shortlink":"https:\/\/wp.me\/p62QDO-73t","jetpack_sharing_enabled":true,"amp_enabled":true,"_links":{"self":[{"href":"https:\/\/armstrongyregion.com.ar\/diario\/wp-json\/wp\/v2\/posts\/27123","targetHints":{"allow":["GET"]}}],"collection":[{"href":"https:\/\/armstrongyregion.com.ar\/diario\/wp-json\/wp\/v2\/posts"}],"about":[{"href":"https:\/\/armstrongyregion.com.ar\/diario\/wp-json\/wp\/v2\/types\/post"}],"author":[{"embeddable":true,"href":"https:\/\/armstrongyregion.com.ar\/diario\/wp-json\/wp\/v2\/users\/1"}],"replies":[{"embeddable":true,"href":"https:\/\/armstrongyregion.com.ar\/diario\/wp-json\/wp\/v2\/comments?post=27123"}],"version-history":[{"count":1,"href":"https:\/\/armstrongyregion.com.ar\/diario\/wp-json\/wp\/v2\/posts\/27123\/revisions"}],"predecessor-version":[{"id":27125,"href":"https:\/\/armstrongyregion.com.ar\/diario\/wp-json\/wp\/v2\/posts\/27123\/revisions\/27125"}],"wp:featuredmedia":[{"embeddable":true,"href":"https:\/\/armstrongyregion.com.ar\/diario\/wp-json\/wp\/v2\/media\/27124"}],"wp:attachment":[{"href":"https:\/\/armstrongyregion.com.ar\/diario\/wp-json\/wp\/v2\/media?parent=27123"}],"wp:term":[{"taxonomy":"category","embeddable":true,"href":"https:\/\/armstrongyregion.com.ar\/diario\/wp-json\/wp\/v2\/categories?post=27123"},{"taxonomy":"post_tag","embeddable":true,"href":"https:\/\/armstrongyregion.com.ar\/diario\/wp-json\/wp\/v2\/tags?post=27123"}],"curies":[{"name":"wp","href":"https:\/\/api.w.org\/{rel}","templated":true}]}}