{"id":27117,"date":"2020-09-09T15:27:47","date_gmt":"2020-09-09T15:27:47","guid":{"rendered":"https:\/\/armstrongyregion.com.ar\/diario\/?p=27117"},"modified":"2020-09-09T15:27:50","modified_gmt":"2020-09-09T15:27:50","slug":"canada-de-gomez-el-municipio-inicia-hoy-los-conversatorios-virtuales-de-cortos-72-horas","status":"publish","type":"post","link":"https:\/\/armstrongyregion.com.ar\/diario\/canada-de-gomez-el-municipio-inicia-hoy-los-conversatorios-virtuales-de-cortos-72-horas\/","title":{"rendered":"Ca\u00f1ada de G\u00f3mez. El municipio inicia hoy los conversatorios virtuales de cortos 72 horas."},"content":{"rendered":"\n<figure class=\"wp-block-image size-large\"><img loading=\"lazy\" decoding=\"async\" width=\"980\" height=\"730\" src=\"http:\/\/armstrongyregion.com.ar\/diario\/wp-content\/uploads\/2020\/09\/WhatsApp-Image-2020-09-09-at-11.01.13.jpeg\" alt=\"\" class=\"wp-image-27118\" srcset=\"https:\/\/armstrongyregion.com.ar\/diario\/wp-content\/uploads\/2020\/09\/WhatsApp-Image-2020-09-09-at-11.01.13.jpeg 980w, https:\/\/armstrongyregion.com.ar\/diario\/wp-content\/uploads\/2020\/09\/WhatsApp-Image-2020-09-09-at-11.01.13-300x223.jpeg 300w, https:\/\/armstrongyregion.com.ar\/diario\/wp-content\/uploads\/2020\/09\/WhatsApp-Image-2020-09-09-at-11.01.13-768x572.jpeg 768w\" sizes=\"auto, (max-width: 980px) 100vw, 980px\" \/><\/figure>\n\n\n\n<p>\n\nDurante cuatro mi\u00e9rcoles, distintos especialistas compartir\u00e1n claves para la realizaci\u00f3n de un cortometraje. Hoy ser\u00e1 el turno de los reconocidos directores, guionistas y productores Mart\u00edn J\u00e1uregui y Martin Deus. Todav\u00eda hay tiempo de inscribirse a&nbsp;<a href=\"mailto:festivalcortos72horas@gmail.com\" target=\"_blank\" rel=\"noreferrer noopener\">festivalcortos72horas@gmail.com<\/a>.<\/p>\n\n\n\n<p>La Municipalidad de Ca\u00f1ada de G\u00f3mez, a trav\u00e9s de Cortos 72 Horas, hoy pone en marcha un ciclo de conversatorios virtuales a cargo de realizadores audiovisuales, actores y actrices, que a lo largo de cuatro mi\u00e9rcoles brindar\u00e1n herramientas claves para la realizaci\u00f3n de un cortometraje.<br>Hoy ser\u00e1n de la partida los reconocidos realizadores Martin Jauregui y Mart\u00edn Deus, quienes dialogar\u00e1n con los participantes sobre gui\u00f3n, producci\u00f3n y direcci\u00f3n de cortometrajes. En los pr\u00f3ximos encuentros intervendr\u00e1n Maite Lanata, Paolo Cavalieri, Angelo Mutti Spinetta, junto al equipo de profesionales locales de Cortos 72 Horas.<br>Quienes deseen inscribirse y participar de los encuentros, que se desarrollar\u00e1n v\u00eda meet y se replicar\u00e1n por la cuenta de Facebook oficial de la experiencia, podr\u00e1n hacerlo al correo electr\u00f3nico:&nbsp;<a href=\"mailto:festivalcortos72horas@gmail.com\" target=\"_blank\" rel=\"noreferrer noopener\">festivalcortos72horas@gmail.com<\/a>.<br>Martin Jauregui es director de cine y televisi\u00f3n, escritor, guionista, productor, periodista televisivo y radial. Trabaj\u00f3 en ciclos emblem\u00e1ticos como \u201cEstudio pa\u00eds\u201d, \u201cKaos en la Ciudad\u201d, \u201cCon sentido P\u00fablico\u201d , entre otros. En 2019 estren\u00f3 su largometraje de ficci\u00f3n \u201cLa Sequ\u00eda\u201d. Fue jurado de Cortos 72 Horas en su s\u00e9ptima edici\u00f3n.<br>Mart\u00edn Deus es director, productor y guionista. Con sus trabajos ha participado en m\u00e1s de 50 festivales internacionales. Dirigi\u00f3 clips para bandas como Tan Bionica, Bersuit Vergarabat, El Otro Yo y solistas como Bahiano. Su pel\u00edcula \u201cMi Mejor Amigo\u201d Gano Premio \u00c9cran Junior en la 71\u00b0 edici\u00f3n del festival internacional de cine de Cannes.<br>&nbsp;\u201cClaves para que tu corto funcione es un ciclo que comenzamos a recorrer con el colectivo de j\u00f3venes rumbo a Cortos 72 Horas, pero tambi\u00e9n es una iniciativa que convoca a toda la comunidad, que siempre forma parte de la experiencia\u201d, definieron desde el staff de 72 Horas.\n\n<\/p>\n","protected":false},"excerpt":{"rendered":"<p>Durante cuatro mi\u00e9rcoles, distintos especialistas compartir\u00e1n claves para la realizaci\u00f3n de un cortometraje. Hoy ser\u00e1 el turno de los reconocidos directores, guionistas y productores Mart\u00edn J\u00e1uregui y Martin Deus. Todav\u00eda hay tiempo de inscribirse a&nbsp;festivalcortos72horas@gmail.com. La Municipalidad de Ca\u00f1ada de G\u00f3mez, a trav\u00e9s de Cortos 72 Horas, hoy pone en marcha un ciclo de conversatorios <a href=\"https:\/\/armstrongyregion.com.ar\/diario\/canada-de-gomez-el-municipio-inicia-hoy-los-conversatorios-virtuales-de-cortos-72-horas\/\" title=\"Read more\" >&#8230;<\/a><\/p>\n","protected":false},"author":1,"featured_media":27118,"comment_status":"open","ping_status":"open","sticky":false,"template":"","format":"image","meta":{"_jetpack_memberships_contains_paid_content":false,"footnotes":"","jetpack_publicize_message":"","jetpack_publicize_feature_enabled":true,"jetpack_social_post_already_shared":true,"jetpack_social_options":{"image_generator_settings":{"template":"highway","default_image_id":0,"enabled":false},"version":2}},"categories":[6,8,1,3],"tags":[],"class_list":["post-27117","post","type-post","status-publish","format-image","has-post-thumbnail","hentry","category-cultura-entretenimiento","category-deliberando","category-diario-armstrong","category-region","post_format-post-format-image"],"jetpack_publicize_connections":[],"jetpack_featured_media_url":"https:\/\/armstrongyregion.com.ar\/diario\/wp-content\/uploads\/2020\/09\/WhatsApp-Image-2020-09-09-at-11.01.13.jpeg","jetpack_shortlink":"https:\/\/wp.me\/p62QDO-73n","jetpack_sharing_enabled":true,"amp_enabled":true,"_links":{"self":[{"href":"https:\/\/armstrongyregion.com.ar\/diario\/wp-json\/wp\/v2\/posts\/27117","targetHints":{"allow":["GET"]}}],"collection":[{"href":"https:\/\/armstrongyregion.com.ar\/diario\/wp-json\/wp\/v2\/posts"}],"about":[{"href":"https:\/\/armstrongyregion.com.ar\/diario\/wp-json\/wp\/v2\/types\/post"}],"author":[{"embeddable":true,"href":"https:\/\/armstrongyregion.com.ar\/diario\/wp-json\/wp\/v2\/users\/1"}],"replies":[{"embeddable":true,"href":"https:\/\/armstrongyregion.com.ar\/diario\/wp-json\/wp\/v2\/comments?post=27117"}],"version-history":[{"count":1,"href":"https:\/\/armstrongyregion.com.ar\/diario\/wp-json\/wp\/v2\/posts\/27117\/revisions"}],"predecessor-version":[{"id":27119,"href":"https:\/\/armstrongyregion.com.ar\/diario\/wp-json\/wp\/v2\/posts\/27117\/revisions\/27119"}],"wp:featuredmedia":[{"embeddable":true,"href":"https:\/\/armstrongyregion.com.ar\/diario\/wp-json\/wp\/v2\/media\/27118"}],"wp:attachment":[{"href":"https:\/\/armstrongyregion.com.ar\/diario\/wp-json\/wp\/v2\/media?parent=27117"}],"wp:term":[{"taxonomy":"category","embeddable":true,"href":"https:\/\/armstrongyregion.com.ar\/diario\/wp-json\/wp\/v2\/categories?post=27117"},{"taxonomy":"post_tag","embeddable":true,"href":"https:\/\/armstrongyregion.com.ar\/diario\/wp-json\/wp\/v2\/tags?post=27117"}],"curies":[{"name":"wp","href":"https:\/\/api.w.org\/{rel}","templated":true}]}}