{"id":27017,"date":"2020-09-01T13:58:59","date_gmt":"2020-09-01T13:58:59","guid":{"rendered":"https:\/\/armstrongyregion.com.ar\/diario\/?p=27017"},"modified":"2020-09-01T14:01:10","modified_gmt":"2020-09-01T14:01:10","slug":"el-municipio-vuelve-con-cortos-de-72-horas-y-un-ciclo-de-conversatorios-virtuales","status":"publish","type":"post","link":"https:\/\/armstrongyregion.com.ar\/diario\/el-municipio-vuelve-con-cortos-de-72-horas-y-un-ciclo-de-conversatorios-virtuales\/","title":{"rendered":"Ca\u00f1ada de G\u00f3mez. El municipio vuelve con cortos de 72 horas y un ciclo de conversatorios virtuales."},"content":{"rendered":"\n<figure class=\"wp-block-image size-large\"><img loading=\"lazy\" decoding=\"async\" width=\"640\" height=\"427\" src=\"http:\/\/armstrongyregion.com.ar\/diario\/wp-content\/uploads\/2020\/09\/WhatsApp-Image-2020-09-01-at-09.13.04.jpg\" alt=\"\" class=\"wp-image-27018\" srcset=\"https:\/\/armstrongyregion.com.ar\/diario\/wp-content\/uploads\/2020\/09\/WhatsApp-Image-2020-09-01-at-09.13.04.jpg 640w, https:\/\/armstrongyregion.com.ar\/diario\/wp-content\/uploads\/2020\/09\/WhatsApp-Image-2020-09-01-at-09.13.04-300x200.jpg 300w\" sizes=\"auto, (max-width: 640px) 100vw, 640px\" \/><\/figure>\n\n\n\n<p><strong>Durante cuatro encuentros expertos en direcci\u00f3n, c\u00e1mara, fotograf\u00eda, edici\u00f3n y actuaci\u00f3n compartir\u00e1n claves para la realizaci\u00f3n de un cortometraje. Participar\u00e1n Mart\u00edn J\u00e1uregui, Maite Lanata, Paolo Cavalieri, Angelo Mutti Spinetta, Martin Deus y profesionales del equipo de Cortos 72 Horas. La iniciativa es gratuita y abierta al p\u00fablico en general.<\/strong><\/p>\n\n\n\n<p>La Municipalidad de Ca\u00f1ada de G\u00f3mez pone en marcha una nueva iniciativa de Cortos 72 Horas, con un ciclo de conversatorios virtuales a cargo de realizadores audiovisuales, actores y actrices, que a lo largo de cuatro encuentros brindar\u00e1n las claves para la realizaci\u00f3n de un cortometraje.<\/p>\n\n\n\n<p>Ser\u00e1n de la partida Martin Jauregui, Maite Lanata, Paolo Cavalieri, Angelo Mutti Spinetta, Mart\u00edn Deus, junto a un equipo de profesionales que habitualmente llevan adelante o colaboran con la experiencia de alfabetizaci\u00f3n audiovisual.<\/p>\n\n\n\n<p>Los destinatarios ser\u00e1n primeramente participantes de ediciones anteriores, colaboradores, as\u00ed como futuros estudiantes que intervendr\u00e1n por primera vez el a\u00f1o pr\u00f3ximo en Cortos 72 Horas. La novedad es que del ciclo de encuentros tambi\u00e9n se encuentra abierto para el p\u00fablico general, interesado en los procesos de realizaci\u00f3n audiovisual. Quienes deseen inscribirse podr\u00e1n hacerlo al correo electr\u00f3nico:&nbsp;<a href=\"mailto:festivalcortos72horas@gmail.com\" target=\"_blank\" rel=\"noreferrer noopener\">festivalcortos72horas@gmail.com<\/a>.<\/p>\n\n\n\n<p>Seg\u00fan informaron desde la organizaci\u00f3n, los cuatro encuentros se centrar\u00e1n en los procesos espec\u00edficos que implica la realizaci\u00f3n de un cortometraje. As\u00ed, durante el primer encuentro los directores Mart\u00edn Jauregui y Mart\u00edn Deus intercambiaran con los directores de Cortos 72 Horas y los participantes, las principales consideraciones sobre gui\u00f3n, producci\u00f3n y direcci\u00f3n. El segundo encuentro estar\u00e1 a cargo los locales Emanuel Cambiasso, Estefan\u00eda Belardinelli, Dami\u00e1n Pavetto y como invitada especial Fernanda Quir\u00f3z, quienes desandar\u00e1n el apasionante universo de la direcci\u00f3n de fotograf\u00eda. Para el tercer encuentro tendremos la intervenci\u00f3n de lujo del ca\u00f1adense Paolo Cavalieri, junto a Daniel Ferrero, Leonel del Piccolo y Cristian Varnelli del equipo local, con los tips m\u00e1s importantes sobre post-producci\u00f3n. Finalmente, Maite Lanata y Angelo Mutti Spinetta compartir\u00e1n sus experiencias sobre actuaci\u00f3n frente a c\u00e1mara, especialmente en cine.<\/p>\n\n\n\n<p>\u201cClaves para que tu corto funcione es un ciclo que comenzamos a recorrer con el colectivo de j\u00f3venes rumbo a Cortos 72 Horas, pero tambi\u00e9n es una iniciativa que convoca a toda la comunidad, que siempre forma parte de la experiencia\u201d, definieron desde el staff de 72 Horas.<\/p>\n","protected":false},"excerpt":{"rendered":"<p>Durante cuatro encuentros expertos en direcci\u00f3n, c\u00e1mara, fotograf\u00eda, edici\u00f3n y actuaci\u00f3n compartir\u00e1n claves para la realizaci\u00f3n de un cortometraje. Participar\u00e1n Mart\u00edn J\u00e1uregui, Maite Lanata, Paolo Cavalieri, Angelo Mutti Spinetta, Martin Deus y profesionales del equipo de Cortos 72 Horas. La iniciativa es gratuita y abierta al p\u00fablico en general. La Municipalidad de Ca\u00f1ada de G\u00f3mez <a href=\"https:\/\/armstrongyregion.com.ar\/diario\/el-municipio-vuelve-con-cortos-de-72-horas-y-un-ciclo-de-conversatorios-virtuales\/\" title=\"Read more\" >&#8230;<\/a><\/p>\n","protected":false},"author":1,"featured_media":27018,"comment_status":"open","ping_status":"open","sticky":false,"template":"","format":"image","meta":{"_jetpack_memberships_contains_paid_content":false,"footnotes":"","jetpack_publicize_message":"","jetpack_publicize_feature_enabled":true,"jetpack_social_post_already_shared":true,"jetpack_social_options":{"image_generator_settings":{"template":"highway","default_image_id":0,"enabled":false},"version":2}},"categories":[6,8,1,7,3],"tags":[],"class_list":["post-27017","post","type-post","status-publish","format-image","has-post-thumbnail","hentry","category-cultura-entretenimiento","category-deliberando","category-diario-armstrong","category-politica","category-region","post_format-post-format-image"],"jetpack_publicize_connections":[],"jetpack_featured_media_url":"https:\/\/armstrongyregion.com.ar\/diario\/wp-content\/uploads\/2020\/09\/WhatsApp-Image-2020-09-01-at-09.13.04.jpg","jetpack_shortlink":"https:\/\/wp.me\/p62QDO-71L","jetpack_sharing_enabled":true,"amp_enabled":true,"_links":{"self":[{"href":"https:\/\/armstrongyregion.com.ar\/diario\/wp-json\/wp\/v2\/posts\/27017","targetHints":{"allow":["GET"]}}],"collection":[{"href":"https:\/\/armstrongyregion.com.ar\/diario\/wp-json\/wp\/v2\/posts"}],"about":[{"href":"https:\/\/armstrongyregion.com.ar\/diario\/wp-json\/wp\/v2\/types\/post"}],"author":[{"embeddable":true,"href":"https:\/\/armstrongyregion.com.ar\/diario\/wp-json\/wp\/v2\/users\/1"}],"replies":[{"embeddable":true,"href":"https:\/\/armstrongyregion.com.ar\/diario\/wp-json\/wp\/v2\/comments?post=27017"}],"version-history":[{"count":2,"href":"https:\/\/armstrongyregion.com.ar\/diario\/wp-json\/wp\/v2\/posts\/27017\/revisions"}],"predecessor-version":[{"id":27021,"href":"https:\/\/armstrongyregion.com.ar\/diario\/wp-json\/wp\/v2\/posts\/27017\/revisions\/27021"}],"wp:featuredmedia":[{"embeddable":true,"href":"https:\/\/armstrongyregion.com.ar\/diario\/wp-json\/wp\/v2\/media\/27018"}],"wp:attachment":[{"href":"https:\/\/armstrongyregion.com.ar\/diario\/wp-json\/wp\/v2\/media?parent=27017"}],"wp:term":[{"taxonomy":"category","embeddable":true,"href":"https:\/\/armstrongyregion.com.ar\/diario\/wp-json\/wp\/v2\/categories?post=27017"},{"taxonomy":"post_tag","embeddable":true,"href":"https:\/\/armstrongyregion.com.ar\/diario\/wp-json\/wp\/v2\/tags?post=27017"}],"curies":[{"name":"wp","href":"https:\/\/api.w.org\/{rel}","templated":true}]}}