{"id":27012,"date":"2020-09-01T00:51:35","date_gmt":"2020-09-01T00:51:35","guid":{"rendered":"https:\/\/armstrongyregion.com.ar\/diario\/?p=27012"},"modified":"2020-09-01T00:51:55","modified_gmt":"2020-09-01T00:51:55","slug":"martorano-el-60-por-ciento-de-las-camas-de-terapia-estan-ocupadas-en-la-provincia","status":"publish","type":"post","link":"https:\/\/armstrongyregion.com.ar\/diario\/martorano-el-60-por-ciento-de-las-camas-de-terapia-estan-ocupadas-en-la-provincia\/","title":{"rendered":"Martorano: \u201cEl 60 por ciento de las camas de terapia est\u00e1n ocupadas en la provincia\u201d"},"content":{"rendered":"\n<figure class=\"wp-block-image size-large\"><img loading=\"lazy\" decoding=\"async\" width=\"570\" height=\"353\" src=\"http:\/\/armstrongyregion.com.ar\/diario\/wp-content\/uploads\/2020\/09\/camas-en-la-pcia-.jpg\" alt=\"\" class=\"wp-image-27013\" srcset=\"https:\/\/armstrongyregion.com.ar\/diario\/wp-content\/uploads\/2020\/09\/camas-en-la-pcia-.jpg 570w, https:\/\/armstrongyregion.com.ar\/diario\/wp-content\/uploads\/2020\/09\/camas-en-la-pcia--300x186.jpg 300w\" sizes=\"auto, (max-width: 570px) 100vw, 570px\" \/><\/figure>\n\n\n\n<h2 class=\"wp-block-heading\"> Particularmente en la regi\u00f3n Rosario el nivel de ocupaci\u00f3n asciende al 78%, se pidi\u00f3 reforzar cuidados para evitar m\u00e1s casos de Covid. <\/h2>\n\n\n\n<p>\n\nEl Ministerio de Salud inform\u00f3 que a la fecha, y luego del aumento de casos de Covid en las \u00faltimas semanas, la ocupaci\u00f3n de camas de terapia intensiva asciende al 60 por ciento en toda la provincia de Santa Fe y, particularmente en &nbsp;la regi\u00f3n Rosario, al 78 por ciento.<\/p>\n\n\n\n<p>Al respecto la ministra de Salud, Sonia Martorano, explic\u00f3 que ante la multiplicaci\u00f3n de casos de Covid, m\u00e1s las internaciones por otras enfermedades, \u201cestamos evaluando indicadores en ciudades con circulaci\u00f3n comunitaria y con ocupaci\u00f3n de camas cr\u00edticas, lo que puede tensionar el sistema de salud; fundamentalmente en Rosario y el gran Rosario donde el nivel de ocupaci\u00f3n es del 78 por ciento, mientras que el de las camas generales del 84 por ciento\u201d.&nbsp;<\/p>\n\n\n\n<p>\u201cTenemos una gran cantidad de casos concentrados en el sur de la provincia con epicentro en Venado Tuerto y Rosario, lo que excede el 80 por ciento de ocupaci\u00f3n de camas\u201d, dijo Martorano y agreg\u00f3: \u201cHay otro indicador que es el tiempo de duplicaci\u00f3n de casos de Covid cuyo \u00edndice, hoy, es de 11 d\u00edas, muy por debajo del nivel l\u00edmite que es de 15 d\u00edas\u201d.<\/p>\n\n\n\n<p>Y advirti\u00f3 la ministra de Salud: \u201cEntonces ante el nivel de ocupaci\u00f3n de camas, el \u00edndice de duplicaci\u00f3n de casos, m\u00e1s otras variables que estamos evaluando, sabemos que tenemos que tomar medidas para que mejore la situaci\u00f3n a futuro\u201d.&nbsp;<\/p>\n\n\n\n<p>Del mismo modo, enfatiz\u00f3: \u201cTenemos que cambiar actitudes, tomar medidas que nos permitan disminuir la cantidad de contagios en la regi\u00f3n. Por eso insistimos en que tomemos dimensi\u00f3n de la importancia del cuidado y el autocuidado, porque creemos que no se ha tomado la conciencia ciudadana suficiente sobre la gravedad de esto\u201d.&nbsp;<\/p>\n\n\n\n<p><strong>LA IMPORTANCIA DE LAS CONDUCTAS INDIVIDUALES&nbsp;<\/strong><br>Posteriormente, Martorano advirti\u00f3 que \u201cla foto que vemos hoy en cantidad de contagios y ocupaci\u00f3n de camas es el resultado de todo aquello que hicimos hace 14 d\u00edas. Por eso, las consecuencias de lo que hagamos hoy, se ver\u00e1n tambi\u00e9n en 14 d\u00edas\u201d.&nbsp;<\/p>\n\n\n\n<p>Y concluy\u00f3 la ministra de Salud: \u201cDe modo tal que si seguimos sosteniendo las mismas conductas que ten\u00edamos hace 14 d\u00edas, los niveles de contagio y de ocupaci\u00f3n de camas ser\u00e1n mucho mayores; y podr\u00edamos estar en una situaci\u00f3n muy compleja, al punto de que podr\u00eda colapsar el sistema de Salud\u201d.&nbsp;<br><\/p>\n","protected":false},"excerpt":{"rendered":"<p>Particularmente en la regi\u00f3n Rosario el nivel de ocupaci\u00f3n asciende al 78%, se pidi\u00f3 reforzar cuidados para evitar m\u00e1s casos de Covid. El Ministerio de Salud inform\u00f3 que a la fecha, y luego del aumento de casos de Covid en las \u00faltimas semanas, la ocupaci\u00f3n de camas de terapia intensiva asciende al 60 por ciento <a href=\"https:\/\/armstrongyregion.com.ar\/diario\/martorano-el-60-por-ciento-de-las-camas-de-terapia-estan-ocupadas-en-la-provincia\/\" title=\"Read more\" >&#8230;<\/a><\/p>\n","protected":false},"author":1,"featured_media":27013,"comment_status":"open","ping_status":"open","sticky":false,"template":"","format":"image","meta":{"_jetpack_memberships_contains_paid_content":false,"footnotes":"","jetpack_publicize_message":"","jetpack_publicize_feature_enabled":true,"jetpack_social_post_already_shared":true,"jetpack_social_options":{"image_generator_settings":{"template":"highway","default_image_id":0,"enabled":false},"version":2}},"categories":[8,1,2,7,4,3],"tags":[],"class_list":["post-27012","post","type-post","status-publish","format-image","has-post-thumbnail","hentry","category-deliberando","category-diario-armstrong","category-locales","category-politica","category-prevencion-salud","category-region","post_format-post-format-image"],"jetpack_publicize_connections":[],"jetpack_featured_media_url":"https:\/\/armstrongyregion.com.ar\/diario\/wp-content\/uploads\/2020\/09\/camas-en-la-pcia-.jpg","jetpack_shortlink":"https:\/\/wp.me\/p62QDO-71G","jetpack_sharing_enabled":true,"amp_enabled":true,"_links":{"self":[{"href":"https:\/\/armstrongyregion.com.ar\/diario\/wp-json\/wp\/v2\/posts\/27012","targetHints":{"allow":["GET"]}}],"collection":[{"href":"https:\/\/armstrongyregion.com.ar\/diario\/wp-json\/wp\/v2\/posts"}],"about":[{"href":"https:\/\/armstrongyregion.com.ar\/diario\/wp-json\/wp\/v2\/types\/post"}],"author":[{"embeddable":true,"href":"https:\/\/armstrongyregion.com.ar\/diario\/wp-json\/wp\/v2\/users\/1"}],"replies":[{"embeddable":true,"href":"https:\/\/armstrongyregion.com.ar\/diario\/wp-json\/wp\/v2\/comments?post=27012"}],"version-history":[{"count":1,"href":"https:\/\/armstrongyregion.com.ar\/diario\/wp-json\/wp\/v2\/posts\/27012\/revisions"}],"predecessor-version":[{"id":27014,"href":"https:\/\/armstrongyregion.com.ar\/diario\/wp-json\/wp\/v2\/posts\/27012\/revisions\/27014"}],"wp:featuredmedia":[{"embeddable":true,"href":"https:\/\/armstrongyregion.com.ar\/diario\/wp-json\/wp\/v2\/media\/27013"}],"wp:attachment":[{"href":"https:\/\/armstrongyregion.com.ar\/diario\/wp-json\/wp\/v2\/media?parent=27012"}],"wp:term":[{"taxonomy":"category","embeddable":true,"href":"https:\/\/armstrongyregion.com.ar\/diario\/wp-json\/wp\/v2\/categories?post=27012"},{"taxonomy":"post_tag","embeddable":true,"href":"https:\/\/armstrongyregion.com.ar\/diario\/wp-json\/wp\/v2\/tags?post=27012"}],"curies":[{"name":"wp","href":"https:\/\/api.w.org\/{rel}","templated":true}]}}