{"id":2700,"date":"2015-06-18T11:11:43","date_gmt":"2015-06-18T11:11:43","guid":{"rendered":"https:\/\/armstrongyregion.com.ar\/diario\/?p=2700"},"modified":"2015-06-18T11:11:43","modified_gmt":"2015-06-18T11:11:43","slug":"se-conocieron-las-ofertas-para-construir-el-nuevo-jardin-248-de-serodino","status":"publish","type":"post","link":"https:\/\/armstrongyregion.com.ar\/diario\/se-conocieron-las-ofertas-para-construir-el-nuevo-jardin-248-de-serodino\/","title":{"rendered":"Se conocieron las ofertas para construir el nuevo Jard\u00edn 248 de Serodino."},"content":{"rendered":"<p><a href=\"http:\/\/armstrongyregion.com.ar\/diario\/wp-content\/uploads\/2015\/06\/2015-06-17-Se-Conocieron-las-Ofertas-para-Construir-el-Nuevo-Jard\u00edn-248-de-Serodino.jpeg\"><img loading=\"lazy\" decoding=\"async\" class=\"alignnone size-medium wp-image-2701\" src=\"http:\/\/armstrongyregion.com.ar\/diario\/wp-content\/uploads\/2015\/06\/2015-06-17-Se-Conocieron-las-Ofertas-para-Construir-el-Nuevo-Jard\u00edn-248-de-Serodino-300x225.jpeg\" alt=\"Jardin Serodino\" width=\"300\" height=\"225\" srcset=\"https:\/\/armstrongyregion.com.ar\/diario\/wp-content\/uploads\/2015\/06\/2015-06-17-Se-Conocieron-las-Ofertas-para-Construir-el-Nuevo-Jard\u00edn-248-de-Serodino-300x225.jpeg 300w, https:\/\/armstrongyregion.com.ar\/diario\/wp-content\/uploads\/2015\/06\/2015-06-17-Se-Conocieron-las-Ofertas-para-Construir-el-Nuevo-Jard\u00edn-248-de-Serodino.jpeg 800w\" sizes=\"auto, (max-width: 300px) 100vw, 300px\" \/><\/a>En un acto celebrado ayer con presencia de la Ministra de Educaci\u00f3n y el senador Rasetto, se realiz\u00f3 la apertura de sobres en el marco de la licitaci\u00f3n para construir el nuevo edificio del Jard\u00edn de Infantes N\u00b0 248 \u201cPedro Serodino\u201d, que demandar\u00e1 una inversi\u00f3n superior a los 4 millones.<\/p>\n<p>En la ocasi\u00f3n, el senador provincial Hugo Rasetto hizo menci\u00f3n a la articulaci\u00f3n necesaria para la concreci\u00f3n de esta obra, donde \u201cfue importante la b\u00fasqueda de posibilidades y de herramientas por parte de diferentes actores, para llegar a esta instancia en donde se empieza a concretar este objetivo\u201d.<\/p>\n<p>Por su parte, la directora del Jard\u00edn N\u00b0 248, Yanina Far\u00edas, expres\u00f3: \u201cEsto redunda en la calidad educativa que podemos ofrecer, porque nosotros tenemos el capital humano pero a ello le vamos a sumar una infraestructura acorde a los intereses y necesidades de los alumnos y la comunidad educativa\u201d.<\/p>\n<p>El proyecto cuenta con un presupuesto oficial de $ 4.092.000, y contempla la edificaci\u00f3n de un hall de ingreso, 4 aulas con sanitarios, \u00e1rea de gobierno, sala de m\u00e1quina-dep\u00f3sito, sanitario para discapacitados, cocina, Sal\u00f3n de Usos M\u00faltiples (SUM), galer\u00edas y espacios de circulaci\u00f3n.<\/p>\n<p>Los trabajos, proyectados y gestionados por el Ministerio de Educaci\u00f3n de Santa Fe, cuentan con el financiamiento del Programa de Desarrollo de Recursos F\u00edsicos Educativos del Estado nacional, en convenio con la Corporaci\u00f3n Andina de Fomento.<\/p>\n<p>La propia titular de la cartera de Educaci\u00f3n provincial, Claudia Balagu\u00e9, destac\u00f3 que \u201ceste tipo de obras permiten ampliar la inclusi\u00f3n de ni\u00f1os a la educaci\u00f3n inicial, tanto para salita de 4 a\u00f1os, que es obligatoria desde este a\u00f1o, como para atender tambi\u00e9n la demanda creciente de salitas de 5\u201d.<\/p>\n<p>La ministra tambi\u00e9n precis\u00f3 que \u201cestos esfuerzos, en donde se conjugan fondos nacionales y provinciales para mejorar y acrecentar la infraestructura edilicia de la educaci\u00f3n santafesina, tienen un \u00fanico objetivo que es concretar la inclusi\u00f3n socio educativa y la calidad de la educaci\u00f3n en Santa Fe\u201d.<\/p>\n<p>Las ofertas recibidas para la construcci\u00f3n del nuevo Jard\u00edn de Infantes \u201cPedro Serodino\u201d correspondieron a las firmas Adobe Construcciones SRL, con una oferta de $ 5.810.417,37; ICA SRL por $ 5.305.899,35, y Dyscon SA, que lo hizo por $ 5.720.630,42.<\/p>\n","protected":false},"excerpt":{"rendered":"<p>En un acto celebrado ayer con presencia de la Ministra de Educaci\u00f3n y el senador Rasetto, se realiz\u00f3 la apertura de sobres en el marco de la licitaci\u00f3n para construir el nuevo edificio del Jard\u00edn de Infantes N\u00b0 248 \u201cPedro Serodino\u201d, que demandar\u00e1 una inversi\u00f3n superior a los 4 millones. En la ocasi\u00f3n, el senador <a href=\"https:\/\/armstrongyregion.com.ar\/diario\/se-conocieron-las-ofertas-para-construir-el-nuevo-jardin-248-de-serodino\/\" title=\"Read more\" >&#8230;<\/a><\/p>\n","protected":false},"author":2,"featured_media":2701,"comment_status":"open","ping_status":"open","sticky":false,"template":"","format":"standard","meta":{"_jetpack_memberships_contains_paid_content":false,"footnotes":"","jetpack_publicize_message":"","jetpack_publicize_feature_enabled":true,"jetpack_social_post_already_shared":false,"jetpack_social_options":{"image_generator_settings":{"template":"highway","default_image_id":0,"enabled":false},"version":2}},"categories":[6,1,3],"tags":[2028,2026,592,19,16,951,23,51,2027,81,86,1690],"class_list":["post-2700","post","type-post","status-publish","format-standard","has-post-thumbnail","hentry","category-cultura-entretenimiento","category-diario-armstrong","category-region","tag-2028","tag-conocieron","tag-construir","tag-de","tag-el","tag-jardin","tag-las","tag-nuevo","tag-ofertas","tag-para","tag-se","tag-serodino"],"jetpack_publicize_connections":[],"jetpack_featured_media_url":"https:\/\/armstrongyregion.com.ar\/diario\/wp-content\/uploads\/2015\/06\/2015-06-17-Se-Conocieron-las-Ofertas-para-Construir-el-Nuevo-Jard\u00edn-248-de-Serodino.jpeg","jetpack_shortlink":"https:\/\/wp.me\/p62QDO-Hy","jetpack_sharing_enabled":true,"amp_enabled":true,"_links":{"self":[{"href":"https:\/\/armstrongyregion.com.ar\/diario\/wp-json\/wp\/v2\/posts\/2700","targetHints":{"allow":["GET"]}}],"collection":[{"href":"https:\/\/armstrongyregion.com.ar\/diario\/wp-json\/wp\/v2\/posts"}],"about":[{"href":"https:\/\/armstrongyregion.com.ar\/diario\/wp-json\/wp\/v2\/types\/post"}],"author":[{"embeddable":true,"href":"https:\/\/armstrongyregion.com.ar\/diario\/wp-json\/wp\/v2\/users\/2"}],"replies":[{"embeddable":true,"href":"https:\/\/armstrongyregion.com.ar\/diario\/wp-json\/wp\/v2\/comments?post=2700"}],"version-history":[{"count":0,"href":"https:\/\/armstrongyregion.com.ar\/diario\/wp-json\/wp\/v2\/posts\/2700\/revisions"}],"wp:featuredmedia":[{"embeddable":true,"href":"https:\/\/armstrongyregion.com.ar\/diario\/wp-json\/wp\/v2\/media\/2701"}],"wp:attachment":[{"href":"https:\/\/armstrongyregion.com.ar\/diario\/wp-json\/wp\/v2\/media?parent=2700"}],"wp:term":[{"taxonomy":"category","embeddable":true,"href":"https:\/\/armstrongyregion.com.ar\/diario\/wp-json\/wp\/v2\/categories?post=2700"},{"taxonomy":"post_tag","embeddable":true,"href":"https:\/\/armstrongyregion.com.ar\/diario\/wp-json\/wp\/v2\/tags?post=2700"}],"curies":[{"name":"wp","href":"https:\/\/api.w.org\/{rel}","templated":true}]}}