{"id":26959,"date":"2020-08-28T14:48:06","date_gmt":"2020-08-28T14:48:06","guid":{"rendered":"https:\/\/armstrongyregion.com.ar\/diario\/?p=26959"},"modified":"2020-08-28T15:14:29","modified_gmt":"2020-08-28T15:14:29","slug":"se-declaro-el-proyecto-ecocentrica-de-interes-municipal","status":"publish","type":"post","link":"https:\/\/armstrongyregion.com.ar\/diario\/se-declaro-el-proyecto-ecocentrica-de-interes-municipal\/","title":{"rendered":"Se declaro de inter\u00e9s municipal  el proyecto \u201cECOC\u00c9NTRICA\u201d."},"content":{"rendered":"\n<figure class=\"wp-block-image size-large\"><img loading=\"lazy\" decoding=\"async\" width=\"768\" height=\"460\" src=\"http:\/\/armstrongyregion.com.ar\/diario\/wp-content\/uploads\/2019\/09\/Cuffia-Patas-sep-19.jpg\" alt=\"\" class=\"wp-image-22901\" srcset=\"https:\/\/armstrongyregion.com.ar\/diario\/wp-content\/uploads\/2019\/09\/Cuffia-Patas-sep-19.jpg 768w, https:\/\/armstrongyregion.com.ar\/diario\/wp-content\/uploads\/2019\/09\/Cuffia-Patas-sep-19-300x180.jpg 300w\" sizes=\"auto, (max-width: 768px) 100vw, 768px\" \/><\/figure>\n\n\n\n<p> El bloque del Frente Progresista C\u00edvico y Social integrado por los concejales Carlos Cuffia y Alejandro Pertusati presentaron una minuta de declaraci\u00f3n de inter\u00e9s municipal sobre el proyecto ECOC\u00c9NTRICA, desarrollado por alumnas de quinto a\u00f1o de la Escuela Normal Superior N\u00b0 33 \u201cDr. Mariano Moreno\u201d y de la Escuela Superior de Comercio N\u00b0 51\u00a0\u201cDr. Manuel Belgrano\u201d.<\/p>\n\n\n\n<p>\nEl\nconcejal Pertusati en dialogo con nuestro medio expresaba: \u201cEl\nobjetivo de este proyecto es proponer y concientizar, sobre distintas\nacciones sustentables que pueden realizarse en la ciudad de\nArmstrong, para mejorar el medioambiente y la calidad de vida,\nfavoreciendo\nh\u00e1bitos saludables\u201d<\/p>\n\n\n\n<p>\nLuego\na\u00f1adio: \u201cEs importante\nla concientizaci\u00f3n sobre acciones concretas para la disminuci\u00f3n en\nla producci\u00f3n y destino de distintos residuos domiciliarios, adem\u00e1s\nde incorporar h\u00e1bitos que favorezcan la posibilidad de efectuar el\nreciclaje de la mayor cantidad de ellos\u201d<\/p>\n\n\n\n<p>\n\u201cObviamente\npara llevar a cabo las diferentes etapas\nprevistas en el proyecto, se requiere de todo el apoyo necesario por\nparte de la Municipalidad de Armstrong, a lo que adhiere\nel cuerpo en su totalidad\u201d<\/p>\n","protected":false},"excerpt":{"rendered":"<p>El bloque del Frente Progresista C\u00edvico y Social integrado por los concejales Carlos Cuffia y Alejandro Pertusati presentaron una minuta de declaraci\u00f3n de inter\u00e9s municipal sobre el proyecto ECOC\u00c9NTRICA, desarrollado por alumnas de quinto a\u00f1o de la Escuela Normal Superior N\u00b0 33 \u201cDr. Mariano Moreno\u201d y de la Escuela Superior de Comercio N\u00b0 51\u00a0\u201cDr. Manuel <a href=\"https:\/\/armstrongyregion.com.ar\/diario\/se-declaro-el-proyecto-ecocentrica-de-interes-municipal\/\" title=\"Read more\" >&#8230;<\/a><\/p>\n","protected":false},"author":1,"featured_media":22950,"comment_status":"open","ping_status":"open","sticky":false,"template":"","format":"image","meta":{"_jetpack_memberships_contains_paid_content":false,"footnotes":"","jetpack_publicize_message":"","jetpack_publicize_feature_enabled":true,"jetpack_social_post_already_shared":true,"jetpack_social_options":{"image_generator_settings":{"template":"highway","default_image_id":0,"enabled":false},"version":2}},"categories":[8,1,2,7,3],"tags":[],"class_list":["post-26959","post","type-post","status-publish","format-image","has-post-thumbnail","hentry","category-deliberando","category-diario-armstrong","category-locales","category-politica","category-region","post_format-post-format-image"],"jetpack_publicize_connections":[],"jetpack_featured_media_url":"https:\/\/armstrongyregion.com.ar\/diario\/wp-content\/uploads\/2019\/09\/Cuffia-Patas-sep-191.jpg","jetpack_shortlink":"https:\/\/wp.me\/p62QDO-70P","jetpack_sharing_enabled":true,"amp_enabled":true,"_links":{"self":[{"href":"https:\/\/armstrongyregion.com.ar\/diario\/wp-json\/wp\/v2\/posts\/26959","targetHints":{"allow":["GET"]}}],"collection":[{"href":"https:\/\/armstrongyregion.com.ar\/diario\/wp-json\/wp\/v2\/posts"}],"about":[{"href":"https:\/\/armstrongyregion.com.ar\/diario\/wp-json\/wp\/v2\/types\/post"}],"author":[{"embeddable":true,"href":"https:\/\/armstrongyregion.com.ar\/diario\/wp-json\/wp\/v2\/users\/1"}],"replies":[{"embeddable":true,"href":"https:\/\/armstrongyregion.com.ar\/diario\/wp-json\/wp\/v2\/comments?post=26959"}],"version-history":[{"count":4,"href":"https:\/\/armstrongyregion.com.ar\/diario\/wp-json\/wp\/v2\/posts\/26959\/revisions"}],"predecessor-version":[{"id":26971,"href":"https:\/\/armstrongyregion.com.ar\/diario\/wp-json\/wp\/v2\/posts\/26959\/revisions\/26971"}],"wp:featuredmedia":[{"embeddable":true,"href":"https:\/\/armstrongyregion.com.ar\/diario\/wp-json\/wp\/v2\/media\/22950"}],"wp:attachment":[{"href":"https:\/\/armstrongyregion.com.ar\/diario\/wp-json\/wp\/v2\/media?parent=26959"}],"wp:term":[{"taxonomy":"category","embeddable":true,"href":"https:\/\/armstrongyregion.com.ar\/diario\/wp-json\/wp\/v2\/categories?post=26959"},{"taxonomy":"post_tag","embeddable":true,"href":"https:\/\/armstrongyregion.com.ar\/diario\/wp-json\/wp\/v2\/tags?post=26959"}],"curies":[{"name":"wp","href":"https:\/\/api.w.org\/{rel}","templated":true}]}}