{"id":26940,"date":"2020-08-26T23:36:29","date_gmt":"2020-08-26T23:36:29","guid":{"rendered":"https:\/\/armstrongyregion.com.ar\/diario\/?p=26940"},"modified":"2020-08-26T23:36:33","modified_gmt":"2020-08-26T23:36:33","slug":"las-rosas-la-concejal-riccardi-pidio-informacion-sobre-funcionamiento-del-comite-de-defensa-civil","status":"publish","type":"post","link":"https:\/\/armstrongyregion.com.ar\/diario\/las-rosas-la-concejal-riccardi-pidio-informacion-sobre-funcionamiento-del-comite-de-defensa-civil\/","title":{"rendered":"Las Rosas. La concejal Riccardi pidi\u00f3 informaci\u00f3n sobre funcionamiento del Comit\u00e9 de Defensa Civil"},"content":{"rendered":"\n<figure class=\"wp-block-image size-large\"><img loading=\"lazy\" decoding=\"async\" width=\"1024\" height=\"651\" src=\"http:\/\/armstrongyregion.com.ar\/diario\/wp-content\/uploads\/2019\/03\/Paola-Riccardi--1024x651.jpg\" alt=\"\" class=\"wp-image-20932\" srcset=\"https:\/\/armstrongyregion.com.ar\/diario\/wp-content\/uploads\/2019\/03\/Paola-Riccardi--1024x651.jpg 1024w, https:\/\/armstrongyregion.com.ar\/diario\/wp-content\/uploads\/2019\/03\/Paola-Riccardi--300x191.jpg 300w\" sizes=\"auto, (max-width: 1024px) 100vw, 1024px\" \/><\/figure>\n\n\n\n<h2 class=\"wp-block-heading\"> Present\u00f3 un proyecto de resoluci\u00f3n en el Concejo Municipal. El mismo fue rechazado por mayor\u00eda. <\/h2>\n\n\n\n<p><\/p>\n\n\n\n<figure class=\"wp-block-embed-youtube wp-block-embed is-type-video is-provider-youtube wp-embed-aspect-16-9 wp-has-aspect-ratio\"><div class=\"wp-block-embed__wrapper\">\n<iframe loading=\"lazy\" title=\"25-08-20 Nota Paola Riccardi - Concejal\" width=\"800\" height=\"450\" src=\"https:\/\/www.youtube.com\/embed\/SAUvMn39ZzU?feature=oembed\" frameborder=\"0\" allow=\"accelerometer; autoplay; encrypted-media; gyroscope; picture-in-picture\" allowfullscreen><\/iframe>\n<\/div><\/figure>\n\n\n\n<p>La concejal Paola Riccardi dijo que las respuestas recibidas del bloque oficialista en el Concejo fueron \u00ab<em>no solo insatisfactorias sino tambi\u00e9n decepcionantes, porque supimos as\u00ed que la Junta Municipal de Defensa Civil nunca fue constituida, que en realidad lo \u00fanico que hac\u00eda era informar a trav\u00e9s de unos flyers cu\u00e1l era la situaci\u00f3n epidemiol\u00f3gica en la ciudad\u00bb.<\/em><\/p>\n\n\n\n<p>Sigui\u00f3 expresando la edil que&nbsp;<em>\u00abcabe aclarar para las personas que no conocen, que el Intendente Municipal est\u00e1 obligado por Ley Org\u00e1nica de Municipios a constituir la Junta Municipal de Defensa Civil y presidirla, siendo integrada adem\u00e1s por el Jefe de Bomberos, por el Director del SAMCo, el Jefe de la Unidad Regional de Polic\u00eda, el gerente de la Empresa Provincial de la Energ\u00eda, tambi\u00e9n por el Secretario de Servicios P\u00fablicos, a los fines de abordar distintas situaciones que puedan afectar a la comunidad. En este caso una situaci\u00f3n emergencia sanitaria qu\u00e9 afecta la salud de todos los rosenses\u00bb.&nbsp;<\/em><\/p>\n\n\n\n<p>Dijo tambi\u00e9n que hace&nbsp;<em>\u00abresponsable al Intendente por no haber constituido la Junta Municipal de Defensa Civil, donde adem\u00e1s de ser una una falta grave constituye un incumplimiento de los deberes de funcionario p\u00fablico\u00bb.&nbsp;<\/em><\/p>\n\n\n\n<p>(Se recomienda ver el video completo)<\/p>\n\n\n\n<p>Las Rosas Digital.<\/p>\n","protected":false},"excerpt":{"rendered":"<p>Present\u00f3 un proyecto de resoluci\u00f3n en el Concejo Municipal. El mismo fue rechazado por mayor\u00eda. La concejal Paola Riccardi dijo que las respuestas recibidas del bloque oficialista en el Concejo fueron \u00abno solo insatisfactorias sino tambi\u00e9n decepcionantes, porque supimos as\u00ed que la Junta Municipal de Defensa Civil nunca fue constituida, que en realidad lo \u00fanico <a href=\"https:\/\/armstrongyregion.com.ar\/diario\/las-rosas-la-concejal-riccardi-pidio-informacion-sobre-funcionamiento-del-comite-de-defensa-civil\/\" title=\"Read more\" >&#8230;<\/a><\/p>\n","protected":false},"author":1,"featured_media":20932,"comment_status":"open","ping_status":"open","sticky":false,"template":"","format":"image","meta":{"_jetpack_memberships_contains_paid_content":false,"footnotes":"","jetpack_publicize_message":"","jetpack_publicize_feature_enabled":true,"jetpack_social_post_already_shared":true,"jetpack_social_options":{"image_generator_settings":{"template":"highway","default_image_id":0,"enabled":false},"version":2}},"categories":[8,1,7,3],"tags":[],"class_list":["post-26940","post","type-post","status-publish","format-image","has-post-thumbnail","hentry","category-deliberando","category-diario-armstrong","category-politica","category-region","post_format-post-format-image"],"jetpack_publicize_connections":[],"jetpack_featured_media_url":"https:\/\/armstrongyregion.com.ar\/diario\/wp-content\/uploads\/2019\/03\/Paola-Riccardi-.jpg","jetpack_shortlink":"https:\/\/wp.me\/p62QDO-70w","jetpack_sharing_enabled":true,"amp_enabled":true,"_links":{"self":[{"href":"https:\/\/armstrongyregion.com.ar\/diario\/wp-json\/wp\/v2\/posts\/26940","targetHints":{"allow":["GET"]}}],"collection":[{"href":"https:\/\/armstrongyregion.com.ar\/diario\/wp-json\/wp\/v2\/posts"}],"about":[{"href":"https:\/\/armstrongyregion.com.ar\/diario\/wp-json\/wp\/v2\/types\/post"}],"author":[{"embeddable":true,"href":"https:\/\/armstrongyregion.com.ar\/diario\/wp-json\/wp\/v2\/users\/1"}],"replies":[{"embeddable":true,"href":"https:\/\/armstrongyregion.com.ar\/diario\/wp-json\/wp\/v2\/comments?post=26940"}],"version-history":[{"count":1,"href":"https:\/\/armstrongyregion.com.ar\/diario\/wp-json\/wp\/v2\/posts\/26940\/revisions"}],"predecessor-version":[{"id":26941,"href":"https:\/\/armstrongyregion.com.ar\/diario\/wp-json\/wp\/v2\/posts\/26940\/revisions\/26941"}],"wp:featuredmedia":[{"embeddable":true,"href":"https:\/\/armstrongyregion.com.ar\/diario\/wp-json\/wp\/v2\/media\/20932"}],"wp:attachment":[{"href":"https:\/\/armstrongyregion.com.ar\/diario\/wp-json\/wp\/v2\/media?parent=26940"}],"wp:term":[{"taxonomy":"category","embeddable":true,"href":"https:\/\/armstrongyregion.com.ar\/diario\/wp-json\/wp\/v2\/categories?post=26940"},{"taxonomy":"post_tag","embeddable":true,"href":"https:\/\/armstrongyregion.com.ar\/diario\/wp-json\/wp\/v2\/tags?post=26940"}],"curies":[{"name":"wp","href":"https:\/\/api.w.org\/{rel}","templated":true}]}}