{"id":2694,"date":"2015-06-17T20:57:56","date_gmt":"2015-06-17T20:57:56","guid":{"rendered":"https:\/\/armstrongyregion.com.ar\/diario\/?p=2694"},"modified":"2015-06-17T20:57:56","modified_gmt":"2015-06-17T20:57:56","slug":"el-trabajo-en-equipo-y-la-motivacion-entre-diversas-generaciones-dentro-de-empresas-e-instituciones","status":"publish","type":"post","link":"https:\/\/armstrongyregion.com.ar\/diario\/el-trabajo-en-equipo-y-la-motivacion-entre-diversas-generaciones-dentro-de-empresas-e-instituciones\/","title":{"rendered":"El trabajo en equipo y la motivacion entre diversas generaciones dentro de empresas e instituciones."},"content":{"rendered":"<p><a href=\"http:\/\/armstrongyregion.com.ar\/diario\/wp-content\/uploads\/2015\/06\/fundacoabril.jpg\"><img loading=\"lazy\" decoding=\"async\" class=\"alignnone size-medium wp-image-2695\" src=\"http:\/\/armstrongyregion.com.ar\/diario\/wp-content\/uploads\/2015\/06\/fundacoabril-300x138.jpg\" alt=\"fundacoabril\" width=\"300\" height=\"138\" srcset=\"https:\/\/armstrongyregion.com.ar\/diario\/wp-content\/uploads\/2015\/06\/fundacoabril-300x138.jpg 300w, https:\/\/armstrongyregion.com.ar\/diario\/wp-content\/uploads\/2015\/06\/fundacoabril.jpg 500w\" sizes=\"auto, (max-width: 300px) 100vw, 300px\" \/><\/a>Organiza: Fundaci\u00f3n para el Apoyo al Cambio Organizacional \u2013 FUNDACO y<br \/>\nSecretar\u00eda de Desarrollo Econ\u00f3mico y Productivo \u2013 Municipalidad de Armstrong<br \/>\nFechas: 19 de junio de 14,30 a 16,30 horas.<br \/>\nLugar: Sal\u00f3n Municipal \u201cDelmo Dar\u00f3\u201d \u2013 Bv. San Mart\u00edn 1585 \u2013 Armstrong \u2013 Santa Fe<br \/>\nA cargo de: Oscar Nav\u00f3s &#8211;<br \/>\nProf\/Mag\/C.P\/L.A &#8211; Director Regional Facultad de Ciencias Empresariales &#8211; UAI Rosario<br \/>\nCoautor del Libro: \u201cHacia la generaci\u00f3n del encuentro\u201d<br \/>\nInscripci\u00f3n:<br \/>\n\u00b7 Fundaco \u2013 contacto@fundaco.org.ar &#8211; Te: 03471-462143\/463678\/490264<br \/>\nHorario de 08.00 a 12.00 hs y de 15 a 19.30 hs<br \/>\n\u00b7 Secretar\u00eda de Desarrollo Econ\u00f3mico y Productivo &#8211; Municipalidad de Armstrong &#8211;<br \/>\nguillermopaoloni@armstrong.gob.ar &#8211;<br \/>\nTe: 03471- 461204\/461316\/461326 &#8211; Horario de 07.00 a 13.00 hs<\/p>\n<p>CONTENIDOS<br \/>\nEl mundo ha cambiado. Globalizaci\u00f3n, nuevas tecnolog\u00edas y diversidad generacional han influido notablemente.<\/p>\n<p>Todas las profesiones y sus instituciones deber\u00e1n adaptarse y anticiparse a estas circunstancias.<\/p>\n<p>Especialmente la diversidad generacional se ha transformado en una \u201crevoluci\u00f3n silenciosa\u201d en empresas y organizaciones de todo tipo.<\/p>\n<p>Para abordar esta tem\u00e1tica, se recomienda en primer lugar conocer las tendencias profesionales del futuro y hacer una revisi\u00f3n<\/p>\n<p>sobre las caracter\u00edsticas m\u00e1s relevantes de cada generaci\u00f3n.<\/p>\n<p>Con dicho conocimiento y algunas herramientas adicionales cada profesional y cada instituci\u00f3n deber\u00e1n adecuarse a los<\/p>\n<p>efectos de descubrir los elementos motivacionales que permitan en el futuro un adecuado trabajo en equipo entre generaciones.<\/p>\n<p>El desaf\u00edo est\u00e1 planteado.<\/p>\n<p>ENTRADA ES LIBRE Y GRATUITA.<\/p>\n<p>SE AGRADECER\u00c1 SU COLABORACI\u00d3N CON UN ALIMENTO NO PERECEDERO PARA ENTREGAR A UNA INSTITUCI\u00d3N LOCAL<\/p>\n","protected":false},"excerpt":{"rendered":"<p>Organiza: Fundaci\u00f3n para el Apoyo al Cambio Organizacional \u2013 FUNDACO y Secretar\u00eda de Desarrollo Econ\u00f3mico y Productivo \u2013 Municipalidad de Armstrong Fechas: 19 de junio de 14,30 a 16,30 horas. Lugar: Sal\u00f3n Municipal \u201cDelmo Dar\u00f3\u201d \u2013 Bv. San Mart\u00edn 1585 \u2013 Armstrong \u2013 Santa Fe A cargo de: Oscar Nav\u00f3s &#8211; Prof\/Mag\/C.P\/L.A &#8211; Director Regional <a href=\"https:\/\/armstrongyregion.com.ar\/diario\/el-trabajo-en-equipo-y-la-motivacion-entre-diversas-generaciones-dentro-de-empresas-e-instituciones\/\" title=\"Read more\" >&#8230;<\/a><\/p>\n","protected":false},"author":2,"featured_media":2695,"comment_status":"open","ping_status":"open","sticky":false,"template":"","format":"standard","meta":{"_jetpack_memberships_contains_paid_content":false,"footnotes":"","jetpack_publicize_message":"","jetpack_publicize_feature_enabled":true,"jetpack_social_post_already_shared":false,"jetpack_social_options":{"image_generator_settings":{"template":"highway","default_image_id":0,"enabled":false},"version":2}},"categories":[6,1,2],"tags":[19,2023,2021,448,16,1390,15,356,1406,2022,85,31,2020,1066,13],"class_list":["post-2694","post","type-post","status-publish","format-standard","has-post-thumbnail","hentry","category-cultura-entretenimiento","category-diario-armstrong","category-locales","tag-de","tag-dentro","tag-diversas","tag-e","tag-el","tag-empresas","tag-en","tag-entre","tag-equipo","tag-generaciones","tag-instituciones","tag-la","tag-motivacion","tag-trabajo","tag-y"],"jetpack_publicize_connections":[],"jetpack_featured_media_url":"https:\/\/armstrongyregion.com.ar\/diario\/wp-content\/uploads\/2015\/06\/fundacoabril.jpg","jetpack_shortlink":"https:\/\/wp.me\/p62QDO-Hs","jetpack_sharing_enabled":true,"amp_enabled":true,"_links":{"self":[{"href":"https:\/\/armstrongyregion.com.ar\/diario\/wp-json\/wp\/v2\/posts\/2694","targetHints":{"allow":["GET"]}}],"collection":[{"href":"https:\/\/armstrongyregion.com.ar\/diario\/wp-json\/wp\/v2\/posts"}],"about":[{"href":"https:\/\/armstrongyregion.com.ar\/diario\/wp-json\/wp\/v2\/types\/post"}],"author":[{"embeddable":true,"href":"https:\/\/armstrongyregion.com.ar\/diario\/wp-json\/wp\/v2\/users\/2"}],"replies":[{"embeddable":true,"href":"https:\/\/armstrongyregion.com.ar\/diario\/wp-json\/wp\/v2\/comments?post=2694"}],"version-history":[{"count":0,"href":"https:\/\/armstrongyregion.com.ar\/diario\/wp-json\/wp\/v2\/posts\/2694\/revisions"}],"wp:featuredmedia":[{"embeddable":true,"href":"https:\/\/armstrongyregion.com.ar\/diario\/wp-json\/wp\/v2\/media\/2695"}],"wp:attachment":[{"href":"https:\/\/armstrongyregion.com.ar\/diario\/wp-json\/wp\/v2\/media?parent=2694"}],"wp:term":[{"taxonomy":"category","embeddable":true,"href":"https:\/\/armstrongyregion.com.ar\/diario\/wp-json\/wp\/v2\/categories?post=2694"},{"taxonomy":"post_tag","embeddable":true,"href":"https:\/\/armstrongyregion.com.ar\/diario\/wp-json\/wp\/v2\/tags?post=2694"}],"curies":[{"name":"wp","href":"https:\/\/api.w.org\/{rel}","templated":true}]}}