{"id":26931,"date":"2020-08-26T16:03:00","date_gmt":"2020-08-26T16:03:00","guid":{"rendered":"https:\/\/armstrongyregion.com.ar\/diario\/?p=26931"},"modified":"2020-08-26T16:03:04","modified_gmt":"2020-08-26T16:03:04","slug":"habra-paro-de-medicos-de-hospitales-publicos-de-santa-fe","status":"publish","type":"post","link":"https:\/\/armstrongyregion.com.ar\/diario\/habra-paro-de-medicos-de-hospitales-publicos-de-santa-fe\/","title":{"rendered":"Habr\u00e1 paro de m\u00e9dicos de hospitales p\u00fablicos de Santa Fe"},"content":{"rendered":"\n<figure class=\"wp-block-image size-large\"><img loading=\"lazy\" decoding=\"async\" width=\"590\" height=\"400\" src=\"http:\/\/armstrongyregion.com.ar\/diario\/wp-content\/uploads\/2020\/08\/m\u00e9dicos.jpg\" alt=\"\" class=\"wp-image-26932\" srcset=\"https:\/\/armstrongyregion.com.ar\/diario\/wp-content\/uploads\/2020\/08\/m\u00e9dicos.jpg 590w, https:\/\/armstrongyregion.com.ar\/diario\/wp-content\/uploads\/2020\/08\/m\u00e9dicos-300x203.jpg 300w\" sizes=\"auto, (max-width: 590px) 100vw, 590px\" \/><\/figure>\n\n\n\n<h3 class=\"wp-block-heading\">La medida de fuerza, que tendr\u00e1 lugar este jueves, fue adoptada por \u00abla falta de respuesta\u00bb del Gobierno provincial ante un reclamo salarial.<\/h3>\n\n\n\n<p><strong>Los m\u00e9dicos del sistema p\u00fablico de salud de Santa Fe realizar\u00e1n un paro de actividades este jueves<\/strong>,&nbsp;<a href=\"https:\/\/www.impulsonegocios.com\/santa-fe-medicos-y-otros-trabajadores-de-la-salud-paran-este-miercoles\/\" target=\"_blank\" rel=\"noreferrer noopener\"><strong>el tercero<\/strong><\/a>&nbsp;en un mes,&nbsp;<strong>\u201c<em>ante la falta de respuesta<\/em>\u201d del Gobierno provincial<\/strong>&nbsp;al pedido de convocatoria a reuni\u00f3n paritaria para fijar un&nbsp;<strong>incremento salarial.<\/strong><\/p>\n\n\n\n<p>As\u00ed lo comunic\u00f3 la Asociaci\u00f3n de M\u00e9dicos de la Rep\u00fablica Argentina (AMRA), que&nbsp;<strong>ya cumpli\u00f3 id\u00e9nticas medidas el 10 y el 19 de este mes<\/strong>. En tanto, para la Seccional Santa Fe del sindicato, existe una \u201c<em>conducta omisiva de parte del Gobierno de la Provincia\u201d y una \u201cfalta de respuesta al di\u00e1logo dentro del marco de la Ley 13.042<\/em>\u201c.<\/p>\n\n\n\n<p><strong>AMRA exige la convocatoria urgente a reuni\u00f3n paritaria para lograr \u201c<em>un incremento salarial acorde al porcentaje de inflaci\u00f3n padecido<\/em><\/strong><em>&nbsp;y al riesgo de morbimortalidad que sufren los trabajadores profesionales de la salud<\/em>\u201c.<\/p>\n\n\n\n<p>Adem\u00e1s, pide la \u201c<em>liquidaci\u00f3n de las sumas adeudadas en diferentes rubros\u201d y la&nbsp;<strong>\u201ccreaci\u00f3n de cargos para la totalidad de los profesionales que se encuentran laborando bajo distintas figuras contractuales<\/strong><\/em><strong>\u201c<\/strong>, entre otros puntos.<\/p>\n\n\n\n<p><strong>La medida se har\u00e1 efectiva desde el primer minuto del jueves por el t\u00e9rmino de 24 horas<\/strong>, \u201c<em>sin asistencia a los lugares de trabajo, garantiz\u00e1ndose las guardias m\u00ednimas, COVID y no COVID, y el personal abocado al testeo del mismo<\/em>\u201c.<\/p>\n\n\n\n<p><em>T\u00e9lam<\/em><\/p>\n","protected":false},"excerpt":{"rendered":"<p>La medida de fuerza, que tendr\u00e1 lugar este jueves, fue adoptada por \u00abla falta de respuesta\u00bb del Gobierno provincial ante un reclamo salarial. Los m\u00e9dicos del sistema p\u00fablico de salud de Santa Fe realizar\u00e1n un paro de actividades este jueves,&nbsp;el tercero&nbsp;en un mes,&nbsp;\u201cante la falta de respuesta\u201d del Gobierno provincial&nbsp;al pedido de convocatoria a reuni\u00f3n <a href=\"https:\/\/armstrongyregion.com.ar\/diario\/habra-paro-de-medicos-de-hospitales-publicos-de-santa-fe\/\" title=\"Read more\" >&#8230;<\/a><\/p>\n","protected":false},"author":1,"featured_media":26932,"comment_status":"open","ping_status":"open","sticky":false,"template":"","format":"image","meta":{"_jetpack_memberships_contains_paid_content":false,"footnotes":"","jetpack_publicize_message":"","jetpack_publicize_feature_enabled":true,"jetpack_social_post_already_shared":true,"jetpack_social_options":{"image_generator_settings":{"template":"highway","default_image_id":0,"enabled":false},"version":2}},"categories":[8,1,2,7,3],"tags":[],"class_list":["post-26931","post","type-post","status-publish","format-image","has-post-thumbnail","hentry","category-deliberando","category-diario-armstrong","category-locales","category-politica","category-region","post_format-post-format-image"],"jetpack_publicize_connections":[],"jetpack_featured_media_url":"https:\/\/armstrongyregion.com.ar\/diario\/wp-content\/uploads\/2020\/08\/m\u00e9dicos.jpg","jetpack_shortlink":"https:\/\/wp.me\/p62QDO-70n","jetpack_sharing_enabled":true,"amp_enabled":true,"_links":{"self":[{"href":"https:\/\/armstrongyregion.com.ar\/diario\/wp-json\/wp\/v2\/posts\/26931","targetHints":{"allow":["GET"]}}],"collection":[{"href":"https:\/\/armstrongyregion.com.ar\/diario\/wp-json\/wp\/v2\/posts"}],"about":[{"href":"https:\/\/armstrongyregion.com.ar\/diario\/wp-json\/wp\/v2\/types\/post"}],"author":[{"embeddable":true,"href":"https:\/\/armstrongyregion.com.ar\/diario\/wp-json\/wp\/v2\/users\/1"}],"replies":[{"embeddable":true,"href":"https:\/\/armstrongyregion.com.ar\/diario\/wp-json\/wp\/v2\/comments?post=26931"}],"version-history":[{"count":1,"href":"https:\/\/armstrongyregion.com.ar\/diario\/wp-json\/wp\/v2\/posts\/26931\/revisions"}],"predecessor-version":[{"id":26933,"href":"https:\/\/armstrongyregion.com.ar\/diario\/wp-json\/wp\/v2\/posts\/26931\/revisions\/26933"}],"wp:featuredmedia":[{"embeddable":true,"href":"https:\/\/armstrongyregion.com.ar\/diario\/wp-json\/wp\/v2\/media\/26932"}],"wp:attachment":[{"href":"https:\/\/armstrongyregion.com.ar\/diario\/wp-json\/wp\/v2\/media?parent=26931"}],"wp:term":[{"taxonomy":"category","embeddable":true,"href":"https:\/\/armstrongyregion.com.ar\/diario\/wp-json\/wp\/v2\/categories?post=26931"},{"taxonomy":"post_tag","embeddable":true,"href":"https:\/\/armstrongyregion.com.ar\/diario\/wp-json\/wp\/v2\/tags?post=26931"}],"curies":[{"name":"wp","href":"https:\/\/api.w.org\/{rel}","templated":true}]}}