{"id":26917,"date":"2020-08-25T13:32:01","date_gmt":"2020-08-25T13:32:01","guid":{"rendered":"https:\/\/armstrongyregion.com.ar\/diario\/?p=26917"},"modified":"2020-08-25T13:32:06","modified_gmt":"2020-08-25T13:32:06","slug":"clerici-recibio-a-la-ministra-de-salud-sonia-martorano","status":"publish","type":"post","link":"https:\/\/armstrongyregion.com.ar\/diario\/clerici-recibio-a-la-ministra-de-salud-sonia-martorano\/","title":{"rendered":"Clerici recibi\u00f3 a la Ministra de Salud Sonia Martorano."},"content":{"rendered":"\n<figure class=\"wp-block-image size-large\"><img loading=\"lazy\" decoding=\"async\" width=\"640\" height=\"479\" src=\"http:\/\/armstrongyregion.com.ar\/diario\/wp-content\/uploads\/2020\/08\/WhatsApp-Image-2020-08-25-at-09.10.03.jpg\" alt=\"\" class=\"wp-image-26918\" srcset=\"https:\/\/armstrongyregion.com.ar\/diario\/wp-content\/uploads\/2020\/08\/WhatsApp-Image-2020-08-25-at-09.10.03.jpg 640w, https:\/\/armstrongyregion.com.ar\/diario\/wp-content\/uploads\/2020\/08\/WhatsApp-Image-2020-08-25-at-09.10.03-300x225.jpg 300w\" sizes=\"auto, (max-width: 640px) 100vw, 640px\" \/><\/figure>\n\n\n\n<p>Junto al director del Hospital San Jos\u00e9 Dr. Gonzalo Rodr\u00edguez recorrieron obras en el efector de salud y el Centro de Aislamiento. Cl\u00e9rici continu\u00f3 las gestiones para la puesta en valor del edificio de la ex maternidad.<\/p>\n\n\n\n<p>La intendenta Dra. Stella Cl\u00e9rici y el director del Hospital San Jos\u00e9 Dr. Gonzalo Rodr\u00edguez, recibieron a la ministra de Salud Sonia Martorano, para recorrer obras que se vienen realizando y nuevos proyectos para mejorar infraestructura de salud en la ciudad.<\/p>\n\n\n\n<p>Recorrieron tambi\u00e9n el Centro de Aislamiento que se dispuso desde el inicio de la pandemia en el Parque Municipal. En este sentido, Cl\u00e9rici continu\u00f3 gestiones por el proyecto de puesta en valor del edificio de la ex maternidad. \u201cSeguimos trabajando junto al Ministerio de Salud en obras para nuestro Hospital que es el Hospital referencia de la regi\u00f3n\u201d, expres\u00f3.<\/p>\n\n\n\n<p>Por su parte Martorano manifest\u00f3: \u201cNos encontramos con una grata sorpresa en la recorrida, por las mejoras de las condiciones edilicias y el compromiso que hay del equipo de trabajo, c\u00f3mo han gestionado y preparado este hospital para el COVID-19 puntualmente pero tambi\u00e9n en lo que tiene que ver con la terapia, los proyectos y el ministerio acompa\u00f1a en todo esto. Adem\u00e1s, hay una gran organizaci\u00f3n del centro de aislamiento con los circuitos y protocolos\u201d.<\/p>\n\n\n\n<p>Finalmente, Rodr\u00edguez afirm\u00f3: \u201cse ven plasmados la gesti\u00f3n provincial y municipal en funci\u00f3n del Hospital para la gente y seguimos trabajando de manera conjunta para sumar infraestructura de salud\u201d.&nbsp;<br><\/p>\n","protected":false},"excerpt":{"rendered":"<p>Junto al director del Hospital San Jos\u00e9 Dr. Gonzalo Rodr\u00edguez recorrieron obras en el efector de salud y el Centro de Aislamiento. Cl\u00e9rici continu\u00f3 las gestiones para la puesta en valor del edificio de la ex maternidad. La intendenta Dra. Stella Cl\u00e9rici y el director del Hospital San Jos\u00e9 Dr. Gonzalo Rodr\u00edguez, recibieron a la <a href=\"https:\/\/armstrongyregion.com.ar\/diario\/clerici-recibio-a-la-ministra-de-salud-sonia-martorano\/\" title=\"Read more\" >&#8230;<\/a><\/p>\n","protected":false},"author":1,"featured_media":26918,"comment_status":"open","ping_status":"open","sticky":false,"template":"","format":"image","meta":{"_jetpack_memberships_contains_paid_content":false,"footnotes":"","jetpack_publicize_message":"","jetpack_publicize_feature_enabled":true,"jetpack_social_post_already_shared":true,"jetpack_social_options":{"image_generator_settings":{"template":"highway","default_image_id":0,"enabled":false},"version":2}},"categories":[8,1,2,7,3],"tags":[],"class_list":["post-26917","post","type-post","status-publish","format-image","has-post-thumbnail","hentry","category-deliberando","category-diario-armstrong","category-locales","category-politica","category-region","post_format-post-format-image"],"jetpack_publicize_connections":[],"jetpack_featured_media_url":"https:\/\/armstrongyregion.com.ar\/diario\/wp-content\/uploads\/2020\/08\/WhatsApp-Image-2020-08-25-at-09.10.03.jpg","jetpack_shortlink":"https:\/\/wp.me\/p62QDO-709","jetpack_sharing_enabled":true,"amp_enabled":true,"_links":{"self":[{"href":"https:\/\/armstrongyregion.com.ar\/diario\/wp-json\/wp\/v2\/posts\/26917","targetHints":{"allow":["GET"]}}],"collection":[{"href":"https:\/\/armstrongyregion.com.ar\/diario\/wp-json\/wp\/v2\/posts"}],"about":[{"href":"https:\/\/armstrongyregion.com.ar\/diario\/wp-json\/wp\/v2\/types\/post"}],"author":[{"embeddable":true,"href":"https:\/\/armstrongyregion.com.ar\/diario\/wp-json\/wp\/v2\/users\/1"}],"replies":[{"embeddable":true,"href":"https:\/\/armstrongyregion.com.ar\/diario\/wp-json\/wp\/v2\/comments?post=26917"}],"version-history":[{"count":1,"href":"https:\/\/armstrongyregion.com.ar\/diario\/wp-json\/wp\/v2\/posts\/26917\/revisions"}],"predecessor-version":[{"id":26919,"href":"https:\/\/armstrongyregion.com.ar\/diario\/wp-json\/wp\/v2\/posts\/26917\/revisions\/26919"}],"wp:featuredmedia":[{"embeddable":true,"href":"https:\/\/armstrongyregion.com.ar\/diario\/wp-json\/wp\/v2\/media\/26918"}],"wp:attachment":[{"href":"https:\/\/armstrongyregion.com.ar\/diario\/wp-json\/wp\/v2\/media?parent=26917"}],"wp:term":[{"taxonomy":"category","embeddable":true,"href":"https:\/\/armstrongyregion.com.ar\/diario\/wp-json\/wp\/v2\/categories?post=26917"},{"taxonomy":"post_tag","embeddable":true,"href":"https:\/\/armstrongyregion.com.ar\/diario\/wp-json\/wp\/v2\/tags?post=26917"}],"curies":[{"name":"wp","href":"https:\/\/api.w.org\/{rel}","templated":true}]}}