{"id":26911,"date":"2020-08-24T23:58:18","date_gmt":"2020-08-24T23:58:18","guid":{"rendered":"https:\/\/armstrongyregion.com.ar\/diario\/?p=26911"},"modified":"2020-08-24T23:58:22","modified_gmt":"2020-08-24T23:58:22","slug":"martorano-recorrio-el-samco-de-armstrong-y-el-hospital-de-canada-de-gomez","status":"publish","type":"post","link":"https:\/\/armstrongyregion.com.ar\/diario\/martorano-recorrio-el-samco-de-armstrong-y-el-hospital-de-canada-de-gomez\/","title":{"rendered":"Martorano recorri\u00f3 el Samco de Armstrong y el hospital de Ca\u00f1ada de G\u00f3mez."},"content":{"rendered":"\n<figure class=\"wp-block-image size-large\"><img loading=\"lazy\" decoding=\"async\" width=\"570\" height=\"320\" src=\"http:\/\/armstrongyregion.com.ar\/diario\/wp-content\/uploads\/2020\/08\/unnamed-21.jpg\" alt=\"\" class=\"wp-image-26912\" srcset=\"https:\/\/armstrongyregion.com.ar\/diario\/wp-content\/uploads\/2020\/08\/unnamed-21.jpg 570w, https:\/\/armstrongyregion.com.ar\/diario\/wp-content\/uploads\/2020\/08\/unnamed-21-300x168.jpg 300w\" sizes=\"auto, (max-width: 570px) 100vw, 570px\" \/><\/figure>\n\n\n\n<p>La ministra de Salud, Sonia Martorano, visit\u00f3 este lunes las localidades de Armstrong y Ca\u00f1ada de G\u00f3mez, donde se entregaron insumos para mejorar la atenci\u00f3n m\u00e9dica en el marco de la pandemia.<\/p>\n\n\n\n<p>Al respecto, la titular de la cartera sanitaria inform\u00f3 que se hizo entrega de \u201crespiradores nuevos de alta tecnolog\u00eda, para que esta terapia sea la que merecen las ciudadanas y ciudadanos de Armstrong y de Ca\u00f1ada de G\u00f3mez. Estos efectores son fundamentales como referencia de toda la regi\u00f3n con una terapia de primera l\u00ednea\u201d.<\/p>\n\n\n\n<p>\u201cSi no generamos un horizonte para la poblaci\u00f3n, ya que estamos viendo muchos problemas de angustia, ansiedad y depresi\u00f3n, tenemos que demostrar y planificar un pensamiento m\u00e1s all\u00e1 del COVID, porque entre todos unidos vamos a superar esta pandemia\u201d, continu\u00f3.<\/p>\n\n\n\n<p>Por otra parte, Martonaro expres\u00f3 que actualmente \u201ctenemos diagnosticados 4822 casos de los cuales el 67% est\u00e1n recuperados, de manera que tenemos unos 1500 activos aproximadamente. Nos encontramos en el momento de ascenso de la curva, que est\u00e1 muy acelerada y va en consonancia con la nacional. El pa\u00eds tiene 330.000 casos aproximadamente, nosotros pensamos que la provincia iba a tener un 8.5% m\u00e1s o menos, lo que implica que vamos a tener unos 30.000 casos\u201d.<\/p>\n\n\n\n<p>\u201cSi hay alguna diferencia con esto, va a depender del comportamiento de todos y todas. Desde el Ministerio buscamos una fuerte intervenci\u00f3n territorial con los diagn\u00f3sticos precoces, los aislamientos y bloqueo de casos. Es el momento de demostrar la calidad, la val\u00eda y el gran trabajo de los santafesinos y santafesinas\u201d, concluy\u00f3 la ministra de Salud.<\/p>\n\n\n\n<p>Por su parte, la directora del hospital, Ver\u00f3nica Barone, sostuvo que \u201ca partir de la llegada de estos respiradores tenemos la terapia completamente equipada, junto a la incorporaci\u00f3n de un monitor multiparam\u00e9trico que ya hab\u00eda llegado d\u00edas atr\u00e1s a la ciudad. Esperemos no tener que usarlos, pero llegado el caso, tenemos todo en condiciones para dar respuesta los ciudadanos y ciudadanas\u201d.<\/p>\n\n\n\n<p>En tanto, el intendente Pablo Verdecchia agradeci\u00f3 a la ministra de Salud \u201ctanto su presencia en la ciudad como el apoyo permanente. A la ciudad le va a quedar una terapia con todas las camas con respirador, m\u00e1s un monitor multiparam\u00e9trico, nos queda para lo posteridad y eso es important\u00edsimo para el sistema de salud\u201d.<\/p>\n\n\n\n<p>\u201cQueremos agradecer tambi\u00e9n a todas las personas que realizaron donaciones y a la comisi\u00f3n del SAMCo que fueron juntando fondos y todo ese esfuerzo not\u00f3 del excelente equipo que tenemos trabajando en el efector\u201d, expres\u00f3.<\/p>\n\n\n\n<p><strong>La articulaci\u00f3n con el territorio<\/strong><\/p>\n\n\n\n<figure class=\"wp-block-image size-large\"><img loading=\"lazy\" decoding=\"async\" width=\"640\" height=\"480\" src=\"http:\/\/armstrongyregion.com.ar\/diario\/wp-content\/uploads\/2020\/08\/IMG-20200824-WA0028.jpg\" alt=\"\" class=\"wp-image-26913\" srcset=\"https:\/\/armstrongyregion.com.ar\/diario\/wp-content\/uploads\/2020\/08\/IMG-20200824-WA0028.jpg 640w, https:\/\/armstrongyregion.com.ar\/diario\/wp-content\/uploads\/2020\/08\/IMG-20200824-WA0028-300x225.jpg 300w\" sizes=\"auto, (max-width: 640px) 100vw, 640px\" \/><\/figure>\n\n\n\n<p>Por su parte, el senador por el departamento Belgrano, Guillermo Cornaglia, destac\u00f3 la coordinaci\u00f3n y articulaci\u00f3n entre la provincia y la regi\u00f3n. \u201cA la ministra y a su equipo de trabajo que a cada llamado y pedido de audiencia siempre responde y eso demuestra la presencia y el compromiso del gobierno provincial en todo el territorio\u201d. Adem\u00e1s, agreg\u00f3: \u201cSabemos de la calidad y trato que tiene todo el equipo de salud del efector ya que recibe pacientes de varias localidades de la regi\u00f3n y cuando vuelven a su lugar de origen salen con las mejores referencias. Justamente es eso a lo que se apunta como calidad de vida para cada uno de los habitantes de la zona\u201d.<\/p>\n\n\n\n<figure class=\"wp-block-image size-large\"><img loading=\"lazy\" decoding=\"async\" width=\"541\" height=\"314\" src=\"http:\/\/armstrongyregion.com.ar\/diario\/wp-content\/uploads\/2020\/08\/IMG-20200824-WA0031.jpg\" alt=\"\" class=\"wp-image-26914\" srcset=\"https:\/\/armstrongyregion.com.ar\/diario\/wp-content\/uploads\/2020\/08\/IMG-20200824-WA0031.jpg 541w, https:\/\/armstrongyregion.com.ar\/diario\/wp-content\/uploads\/2020\/08\/IMG-20200824-WA0031-300x174.jpg 300w\" sizes=\"auto, (max-width: 541px) 100vw, 541px\" \/><\/figure>\n\n\n\n<p>\u201cLa \u00fanica terapia intensiva del departamento Belgrano es Armstrong y por eso se apunt\u00f3 en primera medida a mejorarla. Junto a la ministra y a referentes de salud del territorio, estamos trabajando para dar respuesta y mejorar cada uno de los efectores que tenemos\u201d.<\/p>\n\n\n\n<figure class=\"wp-block-image size-large\"><img loading=\"lazy\" decoding=\"async\" width=\"640\" height=\"480\" src=\"http:\/\/armstrongyregion.com.ar\/diario\/wp-content\/uploads\/2020\/08\/IMG-20200824-WA0136.jpg\" alt=\"\" class=\"wp-image-26915\" srcset=\"https:\/\/armstrongyregion.com.ar\/diario\/wp-content\/uploads\/2020\/08\/IMG-20200824-WA0136.jpg 640w, https:\/\/armstrongyregion.com.ar\/diario\/wp-content\/uploads\/2020\/08\/IMG-20200824-WA0136-300x225.jpg 300w\" sizes=\"auto, (max-width: 640px) 100vw, 640px\" \/><\/figure>\n\n\n\n<p>El senador reafirm\u00f3 la importancia del \u201ccontacto permanente con cada director, intendente, presidente de comuna pero, fundamentalmente, con cada integrante del Ministerio de Salud y del propio gobernador Omar Perotti. Estamos trabajando permanentemente en conjunto para brindar respuesta a las inquietudes del departamento\u201d.<\/p>\n\n\n\n<p>Posteriormente el equipo de gesti\u00f3n de salud, encabezado por la ministra Sonia Martorano, visit\u00f3 el hospital local de Ca\u00f1ada de G\u00f3mez, junto a la intendenta Stella Clerici, y el director, Gonzalo Rodr\u00edguez, donde se hab\u00edan entregado 5 respiradores.<\/p>\n\n\n\n<p>\u201cNos encontramos con una grata sorpresa en la recorrida, por las mejoras de las condiciones edilicias y el compromiso que hay del equipo de trabajo, c\u00f3mo han gestionado y preparado este hospital para el COVID-19 puntualmente pero tambi\u00e9n en lo que tiene que ver con la terapia, los proyectos y el ministerio acompa\u00f1a en todo esto. Adem\u00e1s hay una gran organizaci\u00f3n del centro de aislamiento con los circuitos y protocolos\u201d, concluy\u00f3.<\/p>\n","protected":false},"excerpt":{"rendered":"<p>La ministra de Salud, Sonia Martorano, visit\u00f3 este lunes las localidades de Armstrong y Ca\u00f1ada de G\u00f3mez, donde se entregaron insumos para mejorar la atenci\u00f3n m\u00e9dica en el marco de la pandemia. Al respecto, la titular de la cartera sanitaria inform\u00f3 que se hizo entrega de \u201crespiradores nuevos de alta tecnolog\u00eda, para que esta terapia <a href=\"https:\/\/armstrongyregion.com.ar\/diario\/martorano-recorrio-el-samco-de-armstrong-y-el-hospital-de-canada-de-gomez\/\" title=\"Read more\" >&#8230;<\/a><\/p>\n","protected":false},"author":1,"featured_media":26912,"comment_status":"open","ping_status":"open","sticky":false,"template":"","format":"image","meta":{"_jetpack_memberships_contains_paid_content":false,"footnotes":"","jetpack_publicize_message":"","jetpack_publicize_feature_enabled":true,"jetpack_social_post_already_shared":true,"jetpack_social_options":{"image_generator_settings":{"template":"highway","default_image_id":0,"enabled":false},"version":2}},"categories":[8,1,2,7,4,3],"tags":[],"class_list":["post-26911","post","type-post","status-publish","format-image","has-post-thumbnail","hentry","category-deliberando","category-diario-armstrong","category-locales","category-politica","category-prevencion-salud","category-region","post_format-post-format-image"],"jetpack_publicize_connections":[],"jetpack_featured_media_url":"https:\/\/armstrongyregion.com.ar\/diario\/wp-content\/uploads\/2020\/08\/unnamed-21.jpg","jetpack_shortlink":"https:\/\/wp.me\/p62QDO-703","jetpack_sharing_enabled":true,"amp_enabled":true,"_links":{"self":[{"href":"https:\/\/armstrongyregion.com.ar\/diario\/wp-json\/wp\/v2\/posts\/26911","targetHints":{"allow":["GET"]}}],"collection":[{"href":"https:\/\/armstrongyregion.com.ar\/diario\/wp-json\/wp\/v2\/posts"}],"about":[{"href":"https:\/\/armstrongyregion.com.ar\/diario\/wp-json\/wp\/v2\/types\/post"}],"author":[{"embeddable":true,"href":"https:\/\/armstrongyregion.com.ar\/diario\/wp-json\/wp\/v2\/users\/1"}],"replies":[{"embeddable":true,"href":"https:\/\/armstrongyregion.com.ar\/diario\/wp-json\/wp\/v2\/comments?post=26911"}],"version-history":[{"count":1,"href":"https:\/\/armstrongyregion.com.ar\/diario\/wp-json\/wp\/v2\/posts\/26911\/revisions"}],"predecessor-version":[{"id":26916,"href":"https:\/\/armstrongyregion.com.ar\/diario\/wp-json\/wp\/v2\/posts\/26911\/revisions\/26916"}],"wp:featuredmedia":[{"embeddable":true,"href":"https:\/\/armstrongyregion.com.ar\/diario\/wp-json\/wp\/v2\/media\/26912"}],"wp:attachment":[{"href":"https:\/\/armstrongyregion.com.ar\/diario\/wp-json\/wp\/v2\/media?parent=26911"}],"wp:term":[{"taxonomy":"category","embeddable":true,"href":"https:\/\/armstrongyregion.com.ar\/diario\/wp-json\/wp\/v2\/categories?post=26911"},{"taxonomy":"post_tag","embeddable":true,"href":"https:\/\/armstrongyregion.com.ar\/diario\/wp-json\/wp\/v2\/tags?post=26911"}],"curies":[{"name":"wp","href":"https:\/\/api.w.org\/{rel}","templated":true}]}}