{"id":2691,"date":"2015-06-17T20:48:52","date_gmt":"2015-06-17T20:48:52","guid":{"rendered":"https:\/\/armstrongyregion.com.ar\/diario\/?p=2691"},"modified":"2015-06-17T20:48:52","modified_gmt":"2015-06-17T20:48:52","slug":"las-parejas-en-el-centro-integrador-comunitario-se-esta-culminando-la-etapa-de-techado","status":"publish","type":"post","link":"https:\/\/armstrongyregion.com.ar\/diario\/las-parejas-en-el-centro-integrador-comunitario-se-esta-culminando-la-etapa-de-techado\/","title":{"rendered":"Las Parejas. En el Centro Integrador Comunitario se est\u00e1 culminando la etapa de techado."},"content":{"rendered":"<p><a href=\"http:\/\/armstrongyregion.com.ar\/diario\/wp-content\/uploads\/2015\/06\/centro-integrador-comunitario-techo.jpg\"><img loading=\"lazy\" decoding=\"async\" class=\"alignnone size-medium wp-image-2692\" src=\"http:\/\/armstrongyregion.com.ar\/diario\/wp-content\/uploads\/2015\/06\/centro-integrador-comunitario-techo-300x168.jpg\" alt=\"centro integrador comunitario techo\" width=\"300\" height=\"168\" srcset=\"https:\/\/armstrongyregion.com.ar\/diario\/wp-content\/uploads\/2015\/06\/centro-integrador-comunitario-techo-300x168.jpg 300w, https:\/\/armstrongyregion.com.ar\/diario\/wp-content\/uploads\/2015\/06\/centro-integrador-comunitario-techo.jpg 1024w\" sizes=\"auto, (max-width: 300px) 100vw, 300px\" \/><\/a>Actualmente, y luego de la finalizaci\u00f3n de la etapa de mamposter\u00eda de paredes perimetrales y de cierre, se trabaja en la ejecuci\u00f3n de encadenados y soportes de perfiler\u00eda de techo en el sector del SUM, Cocina y Dep\u00f3sito, con vistas a la colocaci\u00f3n de las chapas de cubierta en la pr\u00f3xima semana. El resto del edificio: ala de consultorios, ingresos, y sector de aulas, ya se encuentra con la cubierta colocada, y hormigonados los sectores respectivos del techo donde se asentar\u00e1n los tanques y los tabiques que conforman el frontispicio del ingreso. Simult\u00e1neamente con el techado, se est\u00e1n ejecutando los revoques interiores y exteriores del sector donde el techo ya est\u00e1 terminado, tareas que se ejecutan cuando las condiciones del tiempo no permiten el trabajo exterior, y evitan de esta forma retrasos en la obra debido a factores clim\u00e1ticos. Al culminarse la etapa de techados y revoques, se comenzar\u00e1 con las instalaciones, de acuerdo con el cronograma de tareas de la obra, oportunamente aprobado. Se est\u00e1 laborando a buen ritmo, con la cuadrilla de operarios que se capacitaron en oportunidad de la obra de la Casa del Bicentenario, y que actualmente prestan sus servicios en esta obra, que a su finalizaci\u00f3n constituir\u00e1 un \u00edcono m\u00e1s de la tarea social inclusiva llevada a cabo por nuestra Municipalidad, tanto en su construcci\u00f3n como en su funcionamiento posterior.<\/p>\n","protected":false},"excerpt":{"rendered":"<p>Actualmente, y luego de la finalizaci\u00f3n de la etapa de mamposter\u00eda de paredes perimetrales y de cierre, se trabaja en la ejecuci\u00f3n de encadenados y soportes de perfiler\u00eda de techo en el sector del SUM, Cocina y Dep\u00f3sito, con vistas a la colocaci\u00f3n de las chapas de cubierta en la pr\u00f3xima semana. El resto del <a href=\"https:\/\/armstrongyregion.com.ar\/diario\/las-parejas-en-el-centro-integrador-comunitario-se-esta-culminando-la-etapa-de-techado\/\" title=\"Read more\" >&#8230;<\/a><\/p>\n","protected":false},"author":2,"featured_media":2692,"comment_status":"open","ping_status":"open","sticky":false,"template":"","format":"standard","meta":{"_jetpack_memberships_contains_paid_content":false,"footnotes":"","jetpack_publicize_message":"","jetpack_publicize_feature_enabled":true,"jetpack_social_post_already_shared":false,"jetpack_social_options":{"image_generator_settings":{"template":"highway","default_image_id":0,"enabled":false},"version":2}},"categories":[1,3],"tags":[21,1000,2018,19,16,15,94,1031,999,31,23,24,86,2019],"class_list":["post-2691","post","type-post","status-publish","format-standard","has-post-thumbnail","hentry","category-diario-armstrong","category-region","tag-centro","tag-comunitario","tag-culminando","tag-de","tag-el","tag-en","tag-esta","tag-etapa","tag-integrador","tag-la","tag-las","tag-parejas","tag-se","tag-techado"],"jetpack_publicize_connections":[],"jetpack_featured_media_url":"https:\/\/armstrongyregion.com.ar\/diario\/wp-content\/uploads\/2015\/06\/centro-integrador-comunitario-techo.jpg","jetpack_shortlink":"https:\/\/wp.me\/p62QDO-Hp","jetpack_sharing_enabled":true,"amp_enabled":true,"_links":{"self":[{"href":"https:\/\/armstrongyregion.com.ar\/diario\/wp-json\/wp\/v2\/posts\/2691","targetHints":{"allow":["GET"]}}],"collection":[{"href":"https:\/\/armstrongyregion.com.ar\/diario\/wp-json\/wp\/v2\/posts"}],"about":[{"href":"https:\/\/armstrongyregion.com.ar\/diario\/wp-json\/wp\/v2\/types\/post"}],"author":[{"embeddable":true,"href":"https:\/\/armstrongyregion.com.ar\/diario\/wp-json\/wp\/v2\/users\/2"}],"replies":[{"embeddable":true,"href":"https:\/\/armstrongyregion.com.ar\/diario\/wp-json\/wp\/v2\/comments?post=2691"}],"version-history":[{"count":0,"href":"https:\/\/armstrongyregion.com.ar\/diario\/wp-json\/wp\/v2\/posts\/2691\/revisions"}],"wp:featuredmedia":[{"embeddable":true,"href":"https:\/\/armstrongyregion.com.ar\/diario\/wp-json\/wp\/v2\/media\/2692"}],"wp:attachment":[{"href":"https:\/\/armstrongyregion.com.ar\/diario\/wp-json\/wp\/v2\/media?parent=2691"}],"wp:term":[{"taxonomy":"category","embeddable":true,"href":"https:\/\/armstrongyregion.com.ar\/diario\/wp-json\/wp\/v2\/categories?post=2691"},{"taxonomy":"post_tag","embeddable":true,"href":"https:\/\/armstrongyregion.com.ar\/diario\/wp-json\/wp\/v2\/tags?post=2691"}],"curies":[{"name":"wp","href":"https:\/\/api.w.org\/{rel}","templated":true}]}}