{"id":26880,"date":"2020-08-22T01:42:12","date_gmt":"2020-08-22T01:42:12","guid":{"rendered":"https:\/\/armstrongyregion.com.ar\/diario\/?p=26880"},"modified":"2020-08-22T01:48:44","modified_gmt":"2020-08-22T01:48:44","slug":"las-rosas-se-haran-17-hisopados-por-el-ultimo-caso-positivo-de-covid-19","status":"publish","type":"post","link":"https:\/\/armstrongyregion.com.ar\/diario\/las-rosas-se-haran-17-hisopados-por-el-ultimo-caso-positivo-de-covid-19\/","title":{"rendered":"Las Rosas: Se har\u00e1n 17 hisopados por el \u00faltimo caso positivo de Covid 19."},"content":{"rendered":"\n<p><\/p>\n\n\n\n<figure class=\"wp-block-image size-large\"><img loading=\"lazy\" decoding=\"async\" width=\"470\" height=\"278\" src=\"http:\/\/armstrongyregion.com.ar\/diario\/wp-content\/uploads\/2020\/08\/las-rosas.jpg\" alt=\"\" class=\"wp-image-26882\" srcset=\"https:\/\/armstrongyregion.com.ar\/diario\/wp-content\/uploads\/2020\/08\/las-rosas.jpg 470w, https:\/\/armstrongyregion.com.ar\/diario\/wp-content\/uploads\/2020\/08\/las-rosas-300x177.jpg 300w\" sizes=\"auto, (max-width: 470px) 100vw, 470px\" \/><\/figure>\n\n\n\n<figure class=\"wp-block-embed-youtube wp-block-embed is-type-video is-provider-youtube wp-embed-aspect-16-9 wp-has-aspect-ratio\"><div class=\"wp-block-embed__wrapper\">\n<iframe loading=\"lazy\" title=\"Dr. Alejandro Montagne - Informe Epidemiol\u00f3gico 21 de Agosto\" width=\"800\" height=\"450\" src=\"https:\/\/www.youtube.com\/embed\/j6eQBLQYXyg?feature=oembed\" frameborder=\"0\" allow=\"accelerometer; autoplay; encrypted-media; gyroscope; picture-in-picture\" allowfullscreen><\/iframe>\n<\/div><\/figure>\n\n\n\n<h2 class=\"wp-block-heading\"> En el d\u00eda de hoy se tomaron siete muestras, en tanto ma\u00f1ana s\u00e1bado est\u00e1 previsto realizar diez estudios m\u00e1s. <\/h2>\n\n\n\n<p>Asi lo inform\u00f3 el Dr. Alejandro Montagne, m\u00e9dico del SAMCo local, qui\u00e9n coment\u00f3 que los hisopados pendientes de los dos casos anteriores, vinculados a personal de la salud, han dado todo resultado NEGATIVO.<\/p>\n\n\n\n<p>De la tercera \u00abburbuja\u00bb de contagios, que ocurre posteriormente a una evento social y tiene como POSITIVO a una persona joven, mayor de edad, que esta actualmente en Rosario,&nbsp;<strong>no hay por el momento ning\u00fan resultado de hisopados<\/strong>. Recordando que son siete de hoy y habr\u00e1 otros 10 ma\u00f1ana s\u00e1bado, por lo cual se esperan resultados domingo a la noche al d\u00eda martes.<\/p>\n\n\n\n<p>Por supuesto como sucede en estos casos todas las personas que estuvieron presentes en dicha reuni\u00f3n social, deber\u00e1n permanecer aislados<\/p>\n\n\n\n<p>(Se recomienda ver el video completo)<\/p>\n\n\n\n<p>Las Rosas Digital\/ Renacer FM<\/p>\n","protected":false},"excerpt":{"rendered":"<p>En el d\u00eda de hoy se tomaron siete muestras, en tanto ma\u00f1ana s\u00e1bado est\u00e1 previsto realizar diez estudios m\u00e1s. Asi lo inform\u00f3 el Dr. Alejandro Montagne, m\u00e9dico del SAMCo local, qui\u00e9n coment\u00f3 que los hisopados pendientes de los dos casos anteriores, vinculados a personal de la salud, han dado todo resultado NEGATIVO. De la tercera <a href=\"https:\/\/armstrongyregion.com.ar\/diario\/las-rosas-se-haran-17-hisopados-por-el-ultimo-caso-positivo-de-covid-19\/\" title=\"Read more\" >&#8230;<\/a><\/p>\n","protected":false},"author":1,"featured_media":26882,"comment_status":"open","ping_status":"open","sticky":false,"template":"","format":"image","meta":{"_jetpack_memberships_contains_paid_content":false,"footnotes":"","jetpack_publicize_message":"","jetpack_publicize_feature_enabled":true,"jetpack_social_post_already_shared":true,"jetpack_social_options":{"image_generator_settings":{"template":"highway","default_image_id":0,"enabled":false},"version":2}},"categories":[8,1,7,4,3],"tags":[],"class_list":["post-26880","post","type-post","status-publish","format-image","has-post-thumbnail","hentry","category-deliberando","category-diario-armstrong","category-politica","category-prevencion-salud","category-region","post_format-post-format-image"],"jetpack_publicize_connections":[],"jetpack_featured_media_url":"https:\/\/armstrongyregion.com.ar\/diario\/wp-content\/uploads\/2020\/08\/las-rosas.jpg","jetpack_shortlink":"https:\/\/wp.me\/p62QDO-6Zy","jetpack_sharing_enabled":true,"amp_enabled":true,"_links":{"self":[{"href":"https:\/\/armstrongyregion.com.ar\/diario\/wp-json\/wp\/v2\/posts\/26880","targetHints":{"allow":["GET"]}}],"collection":[{"href":"https:\/\/armstrongyregion.com.ar\/diario\/wp-json\/wp\/v2\/posts"}],"about":[{"href":"https:\/\/armstrongyregion.com.ar\/diario\/wp-json\/wp\/v2\/types\/post"}],"author":[{"embeddable":true,"href":"https:\/\/armstrongyregion.com.ar\/diario\/wp-json\/wp\/v2\/users\/1"}],"replies":[{"embeddable":true,"href":"https:\/\/armstrongyregion.com.ar\/diario\/wp-json\/wp\/v2\/comments?post=26880"}],"version-history":[{"count":2,"href":"https:\/\/armstrongyregion.com.ar\/diario\/wp-json\/wp\/v2\/posts\/26880\/revisions"}],"predecessor-version":[{"id":26883,"href":"https:\/\/armstrongyregion.com.ar\/diario\/wp-json\/wp\/v2\/posts\/26880\/revisions\/26883"}],"wp:featuredmedia":[{"embeddable":true,"href":"https:\/\/armstrongyregion.com.ar\/diario\/wp-json\/wp\/v2\/media\/26882"}],"wp:attachment":[{"href":"https:\/\/armstrongyregion.com.ar\/diario\/wp-json\/wp\/v2\/media?parent=26880"}],"wp:term":[{"taxonomy":"category","embeddable":true,"href":"https:\/\/armstrongyregion.com.ar\/diario\/wp-json\/wp\/v2\/categories?post=26880"},{"taxonomy":"post_tag","embeddable":true,"href":"https:\/\/armstrongyregion.com.ar\/diario\/wp-json\/wp\/v2\/tags?post=26880"}],"curies":[{"name":"wp","href":"https:\/\/api.w.org\/{rel}","templated":true}]}}