{"id":26873,"date":"2020-08-21T16:02:21","date_gmt":"2020-08-21T16:02:21","guid":{"rendered":"https:\/\/armstrongyregion.com.ar\/diario\/?p=26873"},"modified":"2020-08-21T16:02:25","modified_gmt":"2020-08-21T16:02:25","slug":"armstrong-se-retoman-las-obras-de-la-escuela-tecnica","status":"publish","type":"post","link":"https:\/\/armstrongyregion.com.ar\/diario\/armstrong-se-retoman-las-obras-de-la-escuela-tecnica\/","title":{"rendered":"Armstrong. Se retoman las obras de la Escuela T\u00e9cnica."},"content":{"rendered":"\n<figure class=\"wp-block-image size-large\"><img loading=\"lazy\" decoding=\"async\" width=\"480\" height=\"320\" src=\"http:\/\/armstrongyregion.com.ar\/diario\/wp-content\/uploads\/2020\/08\/verdecchia-tecnica-.jpg\" alt=\"\" class=\"wp-image-26874\" srcset=\"https:\/\/armstrongyregion.com.ar\/diario\/wp-content\/uploads\/2020\/08\/verdecchia-tecnica-.jpg 480w, https:\/\/armstrongyregion.com.ar\/diario\/wp-content\/uploads\/2020\/08\/verdecchia-tecnica--300x200.jpg 300w\" sizes=\"auto, (max-width: 480px) 100vw, 480px\" \/><\/figure>\n\n\n\n<p>\nEl Intendente Dr. Pablo Verdecchia junto con la Secretaria de\nEducaci\u00f3n, Cultura y Deporte Prof. Rosana Siri recorri\u00f3 el espacio\ndonde se construye el nuevo edificio de la Escuela de Educaci\u00f3n\nT\u00e9cnica N\u00b0 291.<\/p>\n\n\n\n<p>El funcionario se puso a disposici\u00f3n\nde los responsables de la empresa constructora para todo lo que\nnecesiten, y para trabajar en conjunto para lograr el objetivo de\nfinalizar la obra del nuevo edificio de la Escuela T\u00e9cnica.<\/p>\n\n\n\n<figure class=\"wp-block-image size-large\"><img loading=\"lazy\" decoding=\"async\" width=\"480\" height=\"360\" src=\"http:\/\/armstrongyregion.com.ar\/diario\/wp-content\/uploads\/2020\/08\/verdecchia-tecnica-2.jpg\" alt=\"\" class=\"wp-image-26875\" srcset=\"https:\/\/armstrongyregion.com.ar\/diario\/wp-content\/uploads\/2020\/08\/verdecchia-tecnica-2.jpg 480w, https:\/\/armstrongyregion.com.ar\/diario\/wp-content\/uploads\/2020\/08\/verdecchia-tecnica-2-300x225.jpg 300w\" sizes=\"auto, (max-width: 480px) 100vw, 480px\" \/><\/figure>\n\n\n\n<p>\u201cPara nosotros es una alegr\u00eda que\nen este Gobierno Provincial puedan continuarse las obras comenzadas\nen la gesti\u00f3n anterior porque, en este caso, hablamos de la\neducaci\u00f3n y de la habitabilidad de los j\u00f3venes que concurren a la\nescuela\u201d, remarc\u00f3 Verdecchia.<\/p>\n\n\n\n<p>Moment\u00e1neamente, la Escuela N\u00b0 291\nest\u00e1 funcionando en las instalaciones de la Estaci\u00f3n M\u00e1s, espacio\nacondicionado exclusivamente para tal fin, ya que el edificio donde\nfuncionaba la escuela se demoli\u00f3 para levantar all\u00ed la nueva\nconstrucci\u00f3n.<\/p>\n\n\n\n<p>Cabe recordar que la apertura de\nsobres de la Licitaci\u00f3n correspondiente se llev\u00f3 a cabo en nuestra\nciudad el pasado 2 de agosto de 2018 con la presencia del ex Ministro\nde Obras P\u00fablicas de la Provincia de Santa Fe Pedro Morini, y la ex\nMinistra de Educaci\u00f3n Claudia Balagu\u00e9.<\/p>\n","protected":false},"excerpt":{"rendered":"<p>El Intendente Dr. Pablo Verdecchia junto con la Secretaria de Educaci\u00f3n, Cultura y Deporte Prof. Rosana Siri recorri\u00f3 el espacio donde se construye el nuevo edificio de la Escuela de Educaci\u00f3n T\u00e9cnica N\u00b0 291. El funcionario se puso a disposici\u00f3n de los responsables de la empresa constructora para todo lo que necesiten, y para trabajar <a href=\"https:\/\/armstrongyregion.com.ar\/diario\/armstrong-se-retoman-las-obras-de-la-escuela-tecnica\/\" title=\"Read more\" >&#8230;<\/a><\/p>\n","protected":false},"author":1,"featured_media":26874,"comment_status":"open","ping_status":"open","sticky":false,"template":"","format":"image","meta":{"_jetpack_memberships_contains_paid_content":false,"footnotes":"","jetpack_publicize_message":"","jetpack_publicize_feature_enabled":true,"jetpack_social_post_already_shared":true,"jetpack_social_options":{"image_generator_settings":{"template":"highway","default_image_id":0,"enabled":false},"version":2}},"categories":[8,1,2,7,3],"tags":[],"class_list":["post-26873","post","type-post","status-publish","format-image","has-post-thumbnail","hentry","category-deliberando","category-diario-armstrong","category-locales","category-politica","category-region","post_format-post-format-image"],"jetpack_publicize_connections":[],"jetpack_featured_media_url":"https:\/\/armstrongyregion.com.ar\/diario\/wp-content\/uploads\/2020\/08\/verdecchia-tecnica-.jpg","jetpack_shortlink":"https:\/\/wp.me\/p62QDO-6Zr","jetpack_sharing_enabled":true,"amp_enabled":true,"_links":{"self":[{"href":"https:\/\/armstrongyregion.com.ar\/diario\/wp-json\/wp\/v2\/posts\/26873","targetHints":{"allow":["GET"]}}],"collection":[{"href":"https:\/\/armstrongyregion.com.ar\/diario\/wp-json\/wp\/v2\/posts"}],"about":[{"href":"https:\/\/armstrongyregion.com.ar\/diario\/wp-json\/wp\/v2\/types\/post"}],"author":[{"embeddable":true,"href":"https:\/\/armstrongyregion.com.ar\/diario\/wp-json\/wp\/v2\/users\/1"}],"replies":[{"embeddable":true,"href":"https:\/\/armstrongyregion.com.ar\/diario\/wp-json\/wp\/v2\/comments?post=26873"}],"version-history":[{"count":1,"href":"https:\/\/armstrongyregion.com.ar\/diario\/wp-json\/wp\/v2\/posts\/26873\/revisions"}],"predecessor-version":[{"id":26876,"href":"https:\/\/armstrongyregion.com.ar\/diario\/wp-json\/wp\/v2\/posts\/26873\/revisions\/26876"}],"wp:featuredmedia":[{"embeddable":true,"href":"https:\/\/armstrongyregion.com.ar\/diario\/wp-json\/wp\/v2\/media\/26874"}],"wp:attachment":[{"href":"https:\/\/armstrongyregion.com.ar\/diario\/wp-json\/wp\/v2\/media?parent=26873"}],"wp:term":[{"taxonomy":"category","embeddable":true,"href":"https:\/\/armstrongyregion.com.ar\/diario\/wp-json\/wp\/v2\/categories?post=26873"},{"taxonomy":"post_tag","embeddable":true,"href":"https:\/\/armstrongyregion.com.ar\/diario\/wp-json\/wp\/v2\/tags?post=26873"}],"curies":[{"name":"wp","href":"https:\/\/api.w.org\/{rel}","templated":true}]}}