{"id":26854,"date":"2020-08-20T01:42:41","date_gmt":"2020-08-20T01:42:41","guid":{"rendered":"https:\/\/armstrongyregion.com.ar\/diario\/?p=26854"},"modified":"2020-08-20T01:42:45","modified_gmt":"2020-08-20T01:42:45","slug":"situacion-epidemiologica-de-la-provincia-de-santa-fe-en-relacion-al-coronavirus-15","status":"publish","type":"post","link":"https:\/\/armstrongyregion.com.ar\/diario\/situacion-epidemiologica-de-la-provincia-de-santa-fe-en-relacion-al-coronavirus-15\/","title":{"rendered":"Situaci\u00f3n epidemiol\u00f3gica de la provincia de Santa Fe en relaci\u00f3n al coronavirus."},"content":{"rendered":"\n<figure class=\"wp-block-image size-large\"><img loading=\"lazy\" decoding=\"async\" width=\"1024\" height=\"576\" src=\"http:\/\/armstrongyregion.com.ar\/diario\/wp-content\/uploads\/2020\/08\/covid-santa-fe-1-1024x576.jpg\" alt=\"\" class=\"wp-image-26712\" srcset=\"https:\/\/armstrongyregion.com.ar\/diario\/wp-content\/uploads\/2020\/08\/covid-santa-fe-1-1024x576.jpg 1024w, https:\/\/armstrongyregion.com.ar\/diario\/wp-content\/uploads\/2020\/08\/covid-santa-fe-1-300x169.jpg 300w, https:\/\/armstrongyregion.com.ar\/diario\/wp-content\/uploads\/2020\/08\/covid-santa-fe-1-768x432.jpg 768w, https:\/\/armstrongyregion.com.ar\/diario\/wp-content\/uploads\/2020\/08\/covid-santa-fe-1-1536x864.jpg 1536w, https:\/\/armstrongyregion.com.ar\/diario\/wp-content\/uploads\/2020\/08\/covid-santa-fe-1.jpg 1920w\" sizes=\"auto, (max-width: 1024px) 100vw, 1024px\" \/><\/figure>\n\n\n\n<h2 class=\"wp-block-heading\"> Informe actualizado al mi\u00e9rcoles 19 de agosto a las 19hs. <\/h2>\n\n\n\n<p>\n\nEl Ministerio de Salud de Santa Fe, a trav\u00e9s de la Direcci\u00f3n Provincial de Epidemiolog\u00eda, informa a la poblaci\u00f3n que en el d\u00eda de la fecha&nbsp;<strong>se han confirmado 202 casos nuevos de COVID-19<\/strong>, en el territorio provincial.<\/p>\n\n\n\n<p><strong>Casos nuevos confirmados<\/strong><\/p>\n\n\n\n<p>Los casos nuevos corresponden a las localidades de:<\/p>\n\n\n\n<ul class=\"wp-block-list\"><li>79 de Rosario (36 contactos de casos confirmados y 43 en investigaci\u00f3n).<\/li><li>22 de Santa Fe (17 contactos de casos confirmados y 5 en investigaci\u00f3n).<\/li><li>21 de Venado Tuerto (13 contactos de casos confirmado y 8 en investigaci\u00f3n).<\/li><li>12 de Monte Vera (11 contactos de casos confirmados y 1 en investigaci\u00f3n).<\/li><li>11 de Casilda (3 contactos de casos confirmados y 8 en investigaci\u00f3n).<\/li><li>7 de Santo Tome (3 contactos de casos confirmados y 4 en investigaci\u00f3n).<\/li><li>5 d Esperanza (contactos de casos confirmados).<\/li><li>4 de Capit\u00e1n Berm\u00fadez (1 contacto de caso confirmado y 3 en investigaci\u00f3n).<\/li><li>4 de Rafaela (2 antecedente de viaje a zona con circulaci\u00f3n, 1 contacto de caso confirmado y 1 en investigaci\u00f3n).<\/li><li>4 de San Justo (3 contactos de casos confirmados y 1 antecedente de viaje a zona con circulaci\u00f3n).<\/li><li>4 de Villa Gobernador de G\u00e1lvez (en investigaci\u00f3n).<\/li><li>3 de Las Rosas (contactos de casos confirmados).<\/li><li>2 de Firmat (en investigaci\u00f3n).<\/li><li>2 de Funes (en investigaci\u00f3n).<\/li><li>2 de Helvecia (contactos de casos confirmados).<\/li><li>2 de P\u00e9rez (en investigaci\u00f3n).<\/li><li>2 de Recreo (en investigaci\u00f3n).<\/li><li>2 de San Lorenzo (en investigaci\u00f3n).<\/li><li>2 de Villa Constituci\u00f3n (1 antecedente de viaje a zona con circulaci\u00f3n y 1 en investigaci\u00f3n).<\/li><li>1 de Puerto General San Mart\u00edn (en investigaci\u00f3n).<\/li><li>1 de Andino (en investigaci\u00f3n).<\/li><li>1 de Arroyo Aguiar (en investigaci\u00f3n).<\/li><li>1 de Campo del Medio (contacto de caso confirmado).<\/li><li>1 de Coronda (en investigaci\u00f3n).<\/li><li>1 de Godoy (en investigaci\u00f3n).<\/li><li>1 de Granadero Baigorria (en investigaci\u00f3n).<\/li><li>1 Plaza Clucellas (en investigaci\u00f3n).<\/li><li>1 de Reconquista (en investigaci\u00f3n).<\/li><li>1 de Sancti Spiritu (en investigaci\u00f3n).<\/li><li>1 de Videla (contacto de caso confirmado).<\/li><li>1 de Villa Ca\u00f1as (en investigaci\u00f3n).<\/li><\/ul>\n\n\n\n<p><strong>Casos totales confirmados<\/strong><\/p>\n\n\n\n<p><strong>El total de casos desde el comienzo de la pandemia a la fecha es 3759.<\/strong>De esos casos, 3729 fueron atendidos y estudiados en la provincia, 30fuera de la misma, pero de pacientes con residencia habitual en Santa Fe (13 en provincia de Buenos Aires, 7 en CABA,4 de Salta,2 en Mendoza, 1 estudiado en Chaco, 1 estudiado en C\u00f3rdoba, 1 en San Juan y 1 estudiado en Jujuy).De los 3729casos confirmados y notificados en la Provincia de Santa Fe un total de 128 (3%) casos manifestaron antecedente de viaje al exterior, 8 (1%) casos tuvieron contacto con personas con extranjeros o antecedente de viaje al extranjero, 1625 (43%) casos tuvieron contacto con casos confirmados, 88 (2%) casos tuvieron viaje a zonas con circulaci\u00f3n, 4 (1%) casos son por transmisi\u00f3n comunitaria y 1876(50%) casos se encuentran en investigaci\u00f3n.<\/p>\n\n\n\n<p><strong>Fallecidos<\/strong><\/p>\n\n\n\n<p>En el d\u00eda de la fecha se informa el fallecimiento de dos personas con COVID-19, una de 89 a\u00f1os con comorbilidades con residencia en la localidad de Casilda y una de 90 a\u00f1oscon comorbilidades con residencia en la localidad de Fuentes.<\/p>\n\n\n\n<p>Hasta la fecha se registran un total de treinta y seis(36) fallecidos en la provincia.<\/p>\n\n\n\n<p><strong>Internados<\/strong><\/p>\n\n\n\n<p>Cuarenta y siete (47) pacientes se encuentran internados en cuidados intensivos: 23 con asistencia respiratoria mec\u00e1nica y 24 sin asistencia respiratoria mec\u00e1nica.<\/p>\n\n\n\n<p>Ciento diecinueve(119) pacientes se encuentran internados en sala general.<\/p>\n\n\n\n<p>Los dem\u00e1s casos confirmados presentan una evoluci\u00f3n favorable.<\/p>\n\n\n\n<p><strong>Recuperados<\/strong><\/p>\n\n\n\n<p>Hay un total de 2.528 pacientes recuperados.<\/p>\n\n\n\n<p><strong>Notificaciones<\/strong><\/p>\n\n\n\n<p>En la provincia se registraron 31.048 notificaciones de las cuales 25.684 fueron descartadas.<\/p>\n","protected":false},"excerpt":{"rendered":"<p>Informe actualizado al mi\u00e9rcoles 19 de agosto a las 19hs. El Ministerio de Salud de Santa Fe, a trav\u00e9s de la Direcci\u00f3n Provincial de Epidemiolog\u00eda, informa a la poblaci\u00f3n que en el d\u00eda de la fecha&nbsp;se han confirmado 202 casos nuevos de COVID-19, en el territorio provincial. Casos nuevos confirmados Los casos nuevos corresponden a <a href=\"https:\/\/armstrongyregion.com.ar\/diario\/situacion-epidemiologica-de-la-provincia-de-santa-fe-en-relacion-al-coronavirus-15\/\" title=\"Read more\" >&#8230;<\/a><\/p>\n","protected":false},"author":1,"featured_media":26712,"comment_status":"open","ping_status":"open","sticky":false,"template":"","format":"image","meta":{"_jetpack_memberships_contains_paid_content":false,"footnotes":"","jetpack_publicize_message":"","jetpack_publicize_feature_enabled":true,"jetpack_social_post_already_shared":true,"jetpack_social_options":{"image_generator_settings":{"template":"highway","default_image_id":0,"enabled":false},"version":2}},"categories":[8,1,2,4,3],"tags":[],"class_list":["post-26854","post","type-post","status-publish","format-image","has-post-thumbnail","hentry","category-deliberando","category-diario-armstrong","category-locales","category-prevencion-salud","category-region","post_format-post-format-image"],"jetpack_publicize_connections":[],"jetpack_featured_media_url":"https:\/\/armstrongyregion.com.ar\/diario\/wp-content\/uploads\/2020\/08\/covid-santa-fe-1.jpg","jetpack_shortlink":"https:\/\/wp.me\/p62QDO-6Z8","jetpack_sharing_enabled":true,"amp_enabled":true,"_links":{"self":[{"href":"https:\/\/armstrongyregion.com.ar\/diario\/wp-json\/wp\/v2\/posts\/26854","targetHints":{"allow":["GET"]}}],"collection":[{"href":"https:\/\/armstrongyregion.com.ar\/diario\/wp-json\/wp\/v2\/posts"}],"about":[{"href":"https:\/\/armstrongyregion.com.ar\/diario\/wp-json\/wp\/v2\/types\/post"}],"author":[{"embeddable":true,"href":"https:\/\/armstrongyregion.com.ar\/diario\/wp-json\/wp\/v2\/users\/1"}],"replies":[{"embeddable":true,"href":"https:\/\/armstrongyregion.com.ar\/diario\/wp-json\/wp\/v2\/comments?post=26854"}],"version-history":[{"count":1,"href":"https:\/\/armstrongyregion.com.ar\/diario\/wp-json\/wp\/v2\/posts\/26854\/revisions"}],"predecessor-version":[{"id":26855,"href":"https:\/\/armstrongyregion.com.ar\/diario\/wp-json\/wp\/v2\/posts\/26854\/revisions\/26855"}],"wp:featuredmedia":[{"embeddable":true,"href":"https:\/\/armstrongyregion.com.ar\/diario\/wp-json\/wp\/v2\/media\/26712"}],"wp:attachment":[{"href":"https:\/\/armstrongyregion.com.ar\/diario\/wp-json\/wp\/v2\/media?parent=26854"}],"wp:term":[{"taxonomy":"category","embeddable":true,"href":"https:\/\/armstrongyregion.com.ar\/diario\/wp-json\/wp\/v2\/categories?post=26854"},{"taxonomy":"post_tag","embeddable":true,"href":"https:\/\/armstrongyregion.com.ar\/diario\/wp-json\/wp\/v2\/tags?post=26854"}],"curies":[{"name":"wp","href":"https:\/\/api.w.org\/{rel}","templated":true}]}}