{"id":26837,"date":"2020-08-18T13:22:59","date_gmt":"2020-08-18T13:22:59","guid":{"rendered":"https:\/\/armstrongyregion.com.ar\/diario\/?p=26837"},"modified":"2020-08-18T13:24:23","modified_gmt":"2020-08-18T13:24:23","slug":"el-municipio-canadense-promueve-el-entrenamiento-e-insercion-laboral-de-los-jovenes","status":"publish","type":"post","link":"https:\/\/armstrongyregion.com.ar\/diario\/el-municipio-canadense-promueve-el-entrenamiento-e-insercion-laboral-de-los-jovenes\/","title":{"rendered":"El municipio Ca\u00f1adense promueve el entrenamiento e inserci\u00f3n laboral de los j\u00f3venes."},"content":{"rendered":"\n<figure class=\"wp-block-image size-large\"><img loading=\"lazy\" decoding=\"async\" width=\"640\" height=\"480\" src=\"http:\/\/armstrongyregion.com.ar\/diario\/wp-content\/uploads\/2020\/08\/WhatsApp-Image-2020-08-17-at-19.43.42-1.jpg\" alt=\"\" class=\"wp-image-26838\" srcset=\"https:\/\/armstrongyregion.com.ar\/diario\/wp-content\/uploads\/2020\/08\/WhatsApp-Image-2020-08-17-at-19.43.42-1.jpg 640w, https:\/\/armstrongyregion.com.ar\/diario\/wp-content\/uploads\/2020\/08\/WhatsApp-Image-2020-08-17-at-19.43.42-1-300x225.jpg 300w\" sizes=\"auto, (max-width: 640px) 100vw, 640px\" \/><\/figure>\n\n\n\n<p><strong>Desde la Secretar\u00eda de Producci\u00f3n y Empleo se act\u00faa como nexo con programas nacionales, que brindan capacitaci\u00f3n a j\u00f3venes de 18 a 24 a\u00f1os e incentivan a las empresas para que apuesten a su inserci\u00f3n laboral.<\/strong><\/p>\n\n\n\n<p><strong>\u201c<\/strong>Los programas que pertenecen al Ministerio de Trabajo de la Naci\u00f3n y a nivel local los articulamos desde el Municipio, constituyen una oportunidad para que los j\u00f3venes puedan capacitarse y adentrarse en el \u00e1mbito laboral, al mismo tiempo que los empleadores pueden contar con una persona formada en el oficio si necesitan incorporar personal a su empresa\u201d, defini\u00f3 la intendenta Stella Cl\u00e9rici, en el marco de la entrega de tarjeta de cobro en la sucursal local del Banco Naci\u00f3n, a los 70 j\u00f3venes que participan de los programas de capacitaci\u00f3n laboral.<\/p>\n\n\n\n<p>A prop\u00f3sito de esto, la secretaria de Producci\u00f3n Josefina Rusconi, ampli\u00f3 los detalles sobre estos programas impulsados desde el Misterio de Trabajo de Naci\u00f3n: \u201cLos beneficiarios se inscribieron en la Secretaria de Producci\u00f3n y Empleo del Municipio y en la actualidad forman parte del Programa Acciones de Entrenamiento Para el Trabajo y el Programa de Inserci\u00f3n Laboral, recibiendo como parte de la capacitaci\u00f3n una ayuda econ\u00f3mica mensual. La iniciativa brinda incentivos econ\u00f3micos a las empresas para que formen trabajadores de acuerdo a sus necesidades y, al mismo tiempo, apoyen la inserci\u00f3n laboral de j\u00f3venes de 18 a 24 a\u00f1os\u201d.<\/p>\n","protected":false},"excerpt":{"rendered":"<p>Desde la Secretar\u00eda de Producci\u00f3n y Empleo se act\u00faa como nexo con programas nacionales, que brindan capacitaci\u00f3n a j\u00f3venes de 18 a 24 a\u00f1os e incentivan a las empresas para que apuesten a su inserci\u00f3n laboral. \u201cLos programas que pertenecen al Ministerio de Trabajo de la Naci\u00f3n y a nivel local los articulamos desde el <a href=\"https:\/\/armstrongyregion.com.ar\/diario\/el-municipio-canadense-promueve-el-entrenamiento-e-insercion-laboral-de-los-jovenes\/\" title=\"Read more\" >&#8230;<\/a><\/p>\n","protected":false},"author":1,"featured_media":26838,"comment_status":"open","ping_status":"open","sticky":false,"template":"","format":"image","meta":{"_jetpack_memberships_contains_paid_content":false,"footnotes":"","jetpack_publicize_message":"","jetpack_publicize_feature_enabled":true,"jetpack_social_post_already_shared":true,"jetpack_social_options":{"image_generator_settings":{"template":"highway","default_image_id":0,"enabled":false},"version":2}},"categories":[6,8,1,7,3],"tags":[],"class_list":["post-26837","post","type-post","status-publish","format-image","has-post-thumbnail","hentry","category-cultura-entretenimiento","category-deliberando","category-diario-armstrong","category-politica","category-region","post_format-post-format-image"],"jetpack_publicize_connections":[],"jetpack_featured_media_url":"https:\/\/armstrongyregion.com.ar\/diario\/wp-content\/uploads\/2020\/08\/WhatsApp-Image-2020-08-17-at-19.43.42-1.jpg","jetpack_shortlink":"https:\/\/wp.me\/p62QDO-6YR","jetpack_sharing_enabled":true,"amp_enabled":true,"_links":{"self":[{"href":"https:\/\/armstrongyregion.com.ar\/diario\/wp-json\/wp\/v2\/posts\/26837","targetHints":{"allow":["GET"]}}],"collection":[{"href":"https:\/\/armstrongyregion.com.ar\/diario\/wp-json\/wp\/v2\/posts"}],"about":[{"href":"https:\/\/armstrongyregion.com.ar\/diario\/wp-json\/wp\/v2\/types\/post"}],"author":[{"embeddable":true,"href":"https:\/\/armstrongyregion.com.ar\/diario\/wp-json\/wp\/v2\/users\/1"}],"replies":[{"embeddable":true,"href":"https:\/\/armstrongyregion.com.ar\/diario\/wp-json\/wp\/v2\/comments?post=26837"}],"version-history":[{"count":2,"href":"https:\/\/armstrongyregion.com.ar\/diario\/wp-json\/wp\/v2\/posts\/26837\/revisions"}],"predecessor-version":[{"id":26840,"href":"https:\/\/armstrongyregion.com.ar\/diario\/wp-json\/wp\/v2\/posts\/26837\/revisions\/26840"}],"wp:featuredmedia":[{"embeddable":true,"href":"https:\/\/armstrongyregion.com.ar\/diario\/wp-json\/wp\/v2\/media\/26838"}],"wp:attachment":[{"href":"https:\/\/armstrongyregion.com.ar\/diario\/wp-json\/wp\/v2\/media?parent=26837"}],"wp:term":[{"taxonomy":"category","embeddable":true,"href":"https:\/\/armstrongyregion.com.ar\/diario\/wp-json\/wp\/v2\/categories?post=26837"},{"taxonomy":"post_tag","embeddable":true,"href":"https:\/\/armstrongyregion.com.ar\/diario\/wp-json\/wp\/v2\/tags?post=26837"}],"curies":[{"name":"wp","href":"https:\/\/api.w.org\/{rel}","templated":true}]}}