{"id":26830,"date":"2020-08-18T13:12:21","date_gmt":"2020-08-18T13:12:21","guid":{"rendered":"https:\/\/armstrongyregion.com.ar\/diario\/?p=26830"},"modified":"2020-08-18T13:12:24","modified_gmt":"2020-08-18T13:12:24","slug":"verdecchia-recibio-a-la-diputada-di-stefano","status":"publish","type":"post","link":"https:\/\/armstrongyregion.com.ar\/diario\/verdecchia-recibio-a-la-diputada-di-stefano\/","title":{"rendered":"Verdecchia recibi\u00f3 a la Diputada Di St\u00e9fano."},"content":{"rendered":"\n<figure class=\"wp-block-image size-large\"><img loading=\"lazy\" decoding=\"async\" width=\"360\" height=\"360\" src=\"http:\/\/armstrongyregion.com.ar\/diario\/wp-content\/uploads\/2020\/08\/IMG-20200818-WA0010.jpg\" alt=\"\" class=\"wp-image-26831\" srcset=\"https:\/\/armstrongyregion.com.ar\/diario\/wp-content\/uploads\/2020\/08\/IMG-20200818-WA0010.jpg 360w, https:\/\/armstrongyregion.com.ar\/diario\/wp-content\/uploads\/2020\/08\/IMG-20200818-WA0010-300x300.jpg 300w, https:\/\/armstrongyregion.com.ar\/diario\/wp-content\/uploads\/2020\/08\/IMG-20200818-WA0010-150x150.jpg 150w\" sizes=\"auto, (max-width: 360px) 100vw, 360px\" \/><\/figure>\n\n\n\n<p>\nEl pasado viernes 14 de agosto, el Intendente Dr. Pablo Verdecchia\nrecibi\u00f3 nuevamente a la Diputada Provincial Silvana Di St\u00e9fano, en\nsu tercera visita a nuestra ciudad desde que asumiera su mandato en\nel mes de diciembre de 2019.<\/p>\n\n\n\n<figure class=\"wp-block-image size-large\"><img loading=\"lazy\" decoding=\"async\" width=\"516\" height=\"387\" src=\"http:\/\/armstrongyregion.com.ar\/diario\/wp-content\/uploads\/2020\/08\/IMG-20200818-WA0004.jpg\" alt=\"\" class=\"wp-image-26832\" srcset=\"https:\/\/armstrongyregion.com.ar\/diario\/wp-content\/uploads\/2020\/08\/IMG-20200818-WA0004.jpg 516w, https:\/\/armstrongyregion.com.ar\/diario\/wp-content\/uploads\/2020\/08\/IMG-20200818-WA0004-300x225.jpg 300w\" sizes=\"auto, (max-width: 516px) 100vw, 516px\" \/><\/figure>\n\n\n\n<p>En esta oportunidad, el motivo de su\nllegada fue obsequiar al municipio un dispenser sanitizante que se\ninstalar\u00e1 en el sector de atenci\u00f3n al p\u00fablico de planta baja,\nreforzando los protocolos que ya se han implementado para la\ncirculaci\u00f3n de personas.<\/p>\n\n\n\n<p>\u201cComo Legisladores tenemos la\nresponsabilidad de trabajar cerca de los gobiernos locales, no\ndejarlos solos en esta crisis desatada por la pandemia. Las Diputadas\ny Diputados del bloque de la UCR tenemos muy claro eso\u201d, remarc\u00f3\nDi St\u00e9fano.<\/p>\n\n\n\n<p>Al mismo tiempo y como siempre lo\nhace, se puso a disposici\u00f3n del Intendente y de la comunidad para lo\nque necesite, y recorri\u00f3 algunos puntos de Armstrong.<\/p>\n\n\n\n<p>Cabe recordar que la Dip. Di St\u00e9fano\npresent\u00f3 oportunamente en la C\u00e1mara de Diputados un pedido de\ninforme con respecto a la construcci\u00f3n de la Escuela T\u00e9cnica de\nnuestra ciudad.<\/p>\n\n\n\n<p>Otros temas tratados entre ambas\nautoridades fueron Covid 19, fondos que la Legislatura autoriz\u00f3 a la\nProvincia para hacer frente a la crisis causada por la pandemia,\nsituaci\u00f3n puntual del municipio, entre otros.<\/p>\n","protected":false},"excerpt":{"rendered":"<p>El pasado viernes 14 de agosto, el Intendente Dr. Pablo Verdecchia recibi\u00f3 nuevamente a la Diputada Provincial Silvana Di St\u00e9fano, en su tercera visita a nuestra ciudad desde que asumiera su mandato en el mes de diciembre de 2019. En esta oportunidad, el motivo de su llegada fue obsequiar al municipio un dispenser sanitizante que <a href=\"https:\/\/armstrongyregion.com.ar\/diario\/verdecchia-recibio-a-la-diputada-di-stefano\/\" title=\"Read more\" >&#8230;<\/a><\/p>\n","protected":false},"author":1,"featured_media":26831,"comment_status":"open","ping_status":"open","sticky":false,"template":"","format":"image","meta":{"_jetpack_memberships_contains_paid_content":false,"footnotes":"","jetpack_publicize_message":"","jetpack_publicize_feature_enabled":true,"jetpack_social_post_already_shared":true,"jetpack_social_options":{"image_generator_settings":{"template":"highway","default_image_id":0,"enabled":false},"version":2}},"categories":[8,1,2,7,3],"tags":[],"class_list":["post-26830","post","type-post","status-publish","format-image","has-post-thumbnail","hentry","category-deliberando","category-diario-armstrong","category-locales","category-politica","category-region","post_format-post-format-image"],"jetpack_publicize_connections":[],"jetpack_featured_media_url":"https:\/\/armstrongyregion.com.ar\/diario\/wp-content\/uploads\/2020\/08\/IMG-20200818-WA0010.jpg","jetpack_shortlink":"https:\/\/wp.me\/p62QDO-6YK","jetpack_sharing_enabled":true,"amp_enabled":true,"_links":{"self":[{"href":"https:\/\/armstrongyregion.com.ar\/diario\/wp-json\/wp\/v2\/posts\/26830","targetHints":{"allow":["GET"]}}],"collection":[{"href":"https:\/\/armstrongyregion.com.ar\/diario\/wp-json\/wp\/v2\/posts"}],"about":[{"href":"https:\/\/armstrongyregion.com.ar\/diario\/wp-json\/wp\/v2\/types\/post"}],"author":[{"embeddable":true,"href":"https:\/\/armstrongyregion.com.ar\/diario\/wp-json\/wp\/v2\/users\/1"}],"replies":[{"embeddable":true,"href":"https:\/\/armstrongyregion.com.ar\/diario\/wp-json\/wp\/v2\/comments?post=26830"}],"version-history":[{"count":1,"href":"https:\/\/armstrongyregion.com.ar\/diario\/wp-json\/wp\/v2\/posts\/26830\/revisions"}],"predecessor-version":[{"id":26833,"href":"https:\/\/armstrongyregion.com.ar\/diario\/wp-json\/wp\/v2\/posts\/26830\/revisions\/26833"}],"wp:featuredmedia":[{"embeddable":true,"href":"https:\/\/armstrongyregion.com.ar\/diario\/wp-json\/wp\/v2\/media\/26831"}],"wp:attachment":[{"href":"https:\/\/armstrongyregion.com.ar\/diario\/wp-json\/wp\/v2\/media?parent=26830"}],"wp:term":[{"taxonomy":"category","embeddable":true,"href":"https:\/\/armstrongyregion.com.ar\/diario\/wp-json\/wp\/v2\/categories?post=26830"},{"taxonomy":"post_tag","embeddable":true,"href":"https:\/\/armstrongyregion.com.ar\/diario\/wp-json\/wp\/v2\/tags?post=26830"}],"curies":[{"name":"wp","href":"https:\/\/api.w.org\/{rel}","templated":true}]}}