{"id":2682,"date":"2015-06-17T11:21:05","date_gmt":"2015-06-17T11:21:05","guid":{"rendered":"https:\/\/armstrongyregion.com.ar\/diario\/?p=2682"},"modified":"2015-06-17T11:21:05","modified_gmt":"2015-06-17T11:21:05","slug":"solo-se-abriran-las-urnas-cuestionadas-y-la-semana-que-viene-habria-gobernador","status":"publish","type":"post","link":"https:\/\/armstrongyregion.com.ar\/diario\/solo-se-abriran-las-urnas-cuestionadas-y-la-semana-que-viene-habria-gobernador\/","title":{"rendered":"S\u00f3lo se abrir\u00e1n las urnas cuestionadas y la semana que viene habr\u00eda gobernador."},"content":{"rendered":"<p><a href=\"http:\/\/armstrongyregion.com.ar\/diario\/wp-content\/uploads\/2015\/06\/escrutinioeleccionesvotos.jpg_1572130063.jpg\"><img loading=\"lazy\" decoding=\"async\" class=\"alignnone size-medium wp-image-2683\" src=\"http:\/\/armstrongyregion.com.ar\/diario\/wp-content\/uploads\/2015\/06\/escrutinioeleccionesvotos.jpg_1572130063-300x168.jpg\" alt=\"escrutinioeleccionesvotos.jpg_1572130063\" width=\"300\" height=\"168\" srcset=\"https:\/\/armstrongyregion.com.ar\/diario\/wp-content\/uploads\/2015\/06\/escrutinioeleccionesvotos.jpg_1572130063-300x168.jpg 300w, https:\/\/armstrongyregion.com.ar\/diario\/wp-content\/uploads\/2015\/06\/escrutinioeleccionesvotos.jpg_1572130063.jpg 760w\" sizes=\"auto, (max-width: 300px) 100vw, 300px\" \/><\/a>El Tribunal Electoral resolvi\u00f3 este martes a la noche no abrir todas las urnas para realizar el escrutinio definitivo. Se computar\u00e1n como v\u00e1lidos los n\u00fameros que figuran en las actas y s\u00f3lo se realizar\u00e1 el conteo voto por voto en caso de que un fiscal partidario lo solicite ante la \u201cm\u00ednima inconsistencia\u201d, es decir cuando surgan diferencias entre los guarismos oficiales y los datos que tienen uno o varios partidos. El organismo, sin embargo, no pone l\u00edmites a la cantidad de mesas a revisar y habla de que pueden ser \u201cuna, unas o incluso la totalidad de las urnas\u00ad e inconsistencias generadoras\u201d.<\/p>\n<p>Seg\u00fan adelant\u00f3 la periodista Ivana Fux desde Santa Fe, donde se realiz\u00f3 el anuncio pasadas las 21, el criterio para abrir las urnas cuestionadas ser\u00e1 amplio y ante la menor \u201cinconsistencia\u201d que se detecte.<\/p>\n<p>De esta manera, el proceso ser\u00e1 similar al empleado en las Paso, cuando se procedi\u00f3 a verificar el contenido de las urnas si el acta de la mesa no coincid\u00eda con alguna de las copias que contaba el fiscal de un partido.<\/p>\n<p>En el punto II de la resoluci\u00f3n, el Tribunal dice ajustarse al art\u00edculo 118 del C\u00f3digo Electoral Nacional y advierte que se podr\u00e1n revisar las urnas \u201cmediando pedido de parte durante el desarrollo del escrutinio definitivo\u00ad en relaci\u00f3n a una, unas o incluso la totalidad de las urnas\u00ad e inconsistencias generadoras de duda, por m\u00ednimas que estas fueran\u201d. Y aclara que esto se har\u00e1 \u201ccon el amplio criterio que las circunstancias ameriten\u201d.<\/p>\n<p>Por otro lado, el Tribunal Electoral no hizo lugar a las supuestas irregularidades y errores en el conteo que plante\u00f3 el PRO pero por una cuesti\u00f3n de fondo. El escrutinio provisorio lo realiza el Poder Ejecutivo y no ese ente que presidente el titular de la Corte Suprema de Justicia, que en ese caso se declar\u00f3 \u201ccarente de competencia\u201d.<\/p>\n<p>se tipo de escrutinio podr\u00eda demorar entre siete y diez d\u00edas, o incluso menos si las controversias no abundan. Como sea, el proceso estar\u00e9 lejos de demorar los 45 d\u00edas estimados en caso de abrir las urnas y verificar boleta por boleta.<\/p>\n<p>Eso \u00faltimo pidieron tres partidos de la oposici\u00f3n: el PRO, el Frente Justicialista para la Victoria y el Frente de Izquierda. El oficialismo, en cambio, pidi\u00f3 al Tribunal que rechace esas solicitudes ya que s\u00f3lo se debe abrir una urna si hay un problema con las actas. Record\u00f3 que en el escrutinio provisorio se utilizan los telegramas enviados por las autoridades de mesa a los centros de carga y no las actas oficiales, que son los documentos que se emplear\u00e1n desde este mi\u00e9rcoles, en el escrutinio decisivo y legal (ver fundamentos m\u00e1s abajo).<\/p>\n<p>Los planteos previos<\/p>\n<p>Despu\u00e9s del reclamo formal que realiz\u00f3 el PRO este lunes para que se abran todas las urnas durante el escrutinio definitivo de las elecciones, se sumaron en el mismo sentido este martes el Frente Justicialista para la Victoria y el Frente de Izquierda. En cambio, el oficialismo hizo una presentaci\u00f3n para pedirle al Tribunal Electoral que rechace esas solicitudes.<\/p>\n<p>El Frente Progresista, C\u00edvico y Social destaca en el texto que el \u201cescrutinio provisorio o recuento provisional se hace sobre telegramas, no sobre actas\u201d. La diferencia ambos documentos, explican, es que el primero puede ser ilegible o tener fallas y por eso no ser cargado en el primer conteo; mientras que el acta es el documento oficial y final.<\/p>\n<p>Seg\u00fan piden los apoderados del espacio oficialista, lo mejor para el escrutinio definitivo ser\u00eda abrir las urnas s\u00f3lo cuando exista una diferencia entre el acta y la informaci\u00f3n que dispone cada fiscal partidario, como ya se realiz\u00f3 en el escrutinio de las Paso.<\/p>\n<p>Este martes a las 18, 48 horas despu\u00e9s del cierre del comicio, venci\u00f3 el plazo para presentar las impugnaciones de los partidos. Octavio Crivaro, candidato a gobernador del Frente de Izquierda, detall\u00f3 que ese espacio tambi\u00e9n pidi\u00f3 la apertura de todas las urnas.<br \/>\nEl mismo domingo y sobre todo a partir del lunes los partidos comenzaron a plantear quejas por el conteo provisorio. El PRO habl\u00f3 de \u201ccosas raras\u201d y denunci\u00f3 \u201cirregularidades\u201d, mientras que el Frente Progresista dijo que hubo \u201cerrores humanos\u201d y dio ejemplos de c\u00f3mo tambi\u00e9n esa fuerza se vio perjudicada.<\/p>\n<p>Los argumentos del oficialismo<\/p>\n<p>En el art\u00edculo 2 de la presentaci\u00f3n, el Frente Progresista solicita al Tribunal que preside Roberto Falistocco \u201cse desestime lo peticionado, por no darse la causal extrema, prevista en el art. 118 del C\u00f3digo Electoral, la que se aplicar\u00e1, exclusivamente, en los supuestos contemplados en esa normativa\u201d.<\/p>\n<p>Y cita entre los fundamentos que dar\u00edan lugar a abrir urnas: 1) \u201cno hubiere acta de elecci\u00f3n de la mesa o certificado de escrutinio firmado por las autoridades del comicio y dos fiscales por lo menos\u201d; 2) \u201chubiera sido maliciosamente alterada el acta o, a falta de ella, el certificado de escrutinio no contare con los recaudos m\u00ednimos preestablecidos\u201d; y 3) \u201cel n\u00famero de sufragantes consignados en el acta o, en su defecto, en el certificado de escrutinio, difiera en cinco sobres o m\u00e1s del n\u00famero de sobres utilizados y remitidos por el presidente de mesa\u201d.<\/p>\n<p>El texto remarca que \u201cla aplicaci\u00f3n del art\u00edculo 118 del C\u00f3digo Electoral Nacional procede s\u00f3lo en los supuestos en que se verifiquen evidentes errores de hecho sobre los resultados del escrutinio consignados en la documentaci\u00f3n de la mesa, o en cuando no existiera esta documentaci\u00f3n\u201d.<\/p>\n<p>Por otro lado, para el oficialismo el conteo del domingo fue normal y la dudas planteadas por las fuerzas son producto de la paridad. \u201cEn toda elecci\u00f3n, en cualquier lugar del mundo donde haya recuento provisional, nunca se llega al 100 por ciento\u201d, se\u00f1alan.<\/p>\n<p>Los apoderados recuerdan que \u201csiempre hay que contar las actas\u201d. \u201cSi el acta est\u00e1 bien, si est\u00e1 completa y consistente, el acta es el \u00faltimo documento. Y, como ha dicho p\u00fablicamente el Director Nacional Electoral, Dr. Tulio, consultado por este tema, \u00abrecontar todas las urnas, si las actas est\u00e1n bien es una medida ilegal\u00bb\u201d, a\u00f1aden.<br \/>\nFuente, Rosario 3.com<\/p>\n","protected":false},"excerpt":{"rendered":"<p>El Tribunal Electoral resolvi\u00f3 este martes a la noche no abrir todas las urnas para realizar el escrutinio definitivo. Se computar\u00e1n como v\u00e1lidos los n\u00fameros que figuran en las actas y s\u00f3lo se realizar\u00e1 el conteo voto por voto en caso de que un fiscal partidario lo solicite ante la \u201cm\u00ednima inconsistencia\u201d, es decir cuando <a href=\"https:\/\/armstrongyregion.com.ar\/diario\/solo-se-abriran-las-urnas-cuestionadas-y-la-semana-que-viene-habria-gobernador\/\" title=\"Read more\" >&#8230;<\/a><\/p>\n","protected":false},"author":2,"featured_media":2683,"comment_status":"open","ping_status":"open","sticky":false,"template":"","format":"standard","meta":{"_jetpack_memberships_contains_paid_content":false,"footnotes":"","jetpack_publicize_message":"","jetpack_publicize_feature_enabled":true,"jetpack_social_post_already_shared":false,"jetpack_social_options":{"image_generator_settings":{"template":"highway","default_image_id":0,"enabled":false},"version":2}},"categories":[1,7,3],"tags":[2012,2014,766,2015,31,23,108,86,919,2011,2013,717,13],"class_list":["post-2682","post","type-post","status-publish","format-standard","has-post-thumbnail","hentry","category-diario-armstrong","category-politica","category-region","tag-abriran","tag-cuestionadas","tag-gobernador","tag-habria","tag-la","tag-las","tag-que","tag-se","tag-semana","tag-solo","tag-urnas","tag-viene","tag-y"],"jetpack_publicize_connections":[],"jetpack_featured_media_url":"https:\/\/armstrongyregion.com.ar\/diario\/wp-content\/uploads\/2015\/06\/escrutinioeleccionesvotos.jpg_1572130063.jpg","jetpack_shortlink":"https:\/\/wp.me\/p62QDO-Hg","jetpack_sharing_enabled":true,"amp_enabled":true,"_links":{"self":[{"href":"https:\/\/armstrongyregion.com.ar\/diario\/wp-json\/wp\/v2\/posts\/2682","targetHints":{"allow":["GET"]}}],"collection":[{"href":"https:\/\/armstrongyregion.com.ar\/diario\/wp-json\/wp\/v2\/posts"}],"about":[{"href":"https:\/\/armstrongyregion.com.ar\/diario\/wp-json\/wp\/v2\/types\/post"}],"author":[{"embeddable":true,"href":"https:\/\/armstrongyregion.com.ar\/diario\/wp-json\/wp\/v2\/users\/2"}],"replies":[{"embeddable":true,"href":"https:\/\/armstrongyregion.com.ar\/diario\/wp-json\/wp\/v2\/comments?post=2682"}],"version-history":[{"count":0,"href":"https:\/\/armstrongyregion.com.ar\/diario\/wp-json\/wp\/v2\/posts\/2682\/revisions"}],"wp:featuredmedia":[{"embeddable":true,"href":"https:\/\/armstrongyregion.com.ar\/diario\/wp-json\/wp\/v2\/media\/2683"}],"wp:attachment":[{"href":"https:\/\/armstrongyregion.com.ar\/diario\/wp-json\/wp\/v2\/media?parent=2682"}],"wp:term":[{"taxonomy":"category","embeddable":true,"href":"https:\/\/armstrongyregion.com.ar\/diario\/wp-json\/wp\/v2\/categories?post=2682"},{"taxonomy":"post_tag","embeddable":true,"href":"https:\/\/armstrongyregion.com.ar\/diario\/wp-json\/wp\/v2\/tags?post=2682"}],"curies":[{"name":"wp","href":"https:\/\/api.w.org\/{rel}","templated":true}]}}