{"id":26818,"date":"2020-08-16T23:23:37","date_gmt":"2020-08-16T23:23:37","guid":{"rendered":"https:\/\/armstrongyregion.com.ar\/diario\/?p=26818"},"modified":"2020-08-17T01:09:46","modified_gmt":"2020-08-17T01:09:46","slug":"grave-accidente-de-un-menor-en-moto-sobre-autopista-rosario-cordoba","status":"publish","type":"post","link":"https:\/\/armstrongyregion.com.ar\/diario\/grave-accidente-de-un-menor-en-moto-sobre-autopista-rosario-cordoba\/","title":{"rendered":"Grave accidente de un menor en moto sobre autopista Rosario- C\u00f3rdoba."},"content":{"rendered":"\n<figure class=\"wp-block-image size-large\"><img loading=\"lazy\" decoding=\"async\" width=\"476\" height=\"249\" src=\"http:\/\/armstrongyregion.com.ar\/diario\/wp-content\/uploads\/2020\/08\/safe_image.jpg\" alt=\"\" class=\"wp-image-26819\" srcset=\"https:\/\/armstrongyregion.com.ar\/diario\/wp-content\/uploads\/2020\/08\/safe_image.jpg 476w, https:\/\/armstrongyregion.com.ar\/diario\/wp-content\/uploads\/2020\/08\/safe_image-300x157.jpg 300w\" sizes=\"auto, (max-width: 476px) 100vw, 476px\" \/><\/figure>\n\n\n\n<p>Se trata de un menor de 17 a\u00f1os, oriundo de Armstrong, quien por razones que se desconocen, a las 16:30 hs aproximadamente de la tarde de hoy, perdi\u00f3 el control de su moto en autopista Rosario- C\u00f3rdoba, Km 364, mano a C\u00f3rdoba.<\/p>\n\n\n\n<p>Por la gravedad de las lesiones debi\u00f3 intervenir el helic\u00f3ptero de traslado para ser derivado a un nosocomio de la ciudad de Rosario.<\/p>\n\n\n\n<figure class=\"wp-block-embed-youtube wp-block-embed is-type-video is-provider-youtube wp-embed-aspect-4-3 wp-has-aspect-ratio\"><div class=\"wp-block-embed__wrapper\">\n<iframe loading=\"lazy\" title=\"ACCDIENTE AUTOPISTA\" width=\"800\" height=\"600\" src=\"https:\/\/www.youtube.com\/embed\/FFbtTc_Vy2A?feature=oembed\" frameborder=\"0\" allow=\"accelerometer; autoplay; encrypted-media; gyroscope; picture-in-picture\" allowfullscreen><\/iframe>\n<\/div><\/figure>\n\n\n\n<p>Se tratar\u00eda de Elio Ullua de la localidad de Armstrong.<\/p>\n\n\n\n<p>Fuente: Diario Visi\u00f3n.<\/p>\n","protected":false},"excerpt":{"rendered":"<p>Se trata de un menor de 17 a\u00f1os, oriundo de Armstrong, quien por razones que se desconocen, a las 16:30 hs aproximadamente de la tarde de hoy, perdi\u00f3 el control de su moto en autopista Rosario- C\u00f3rdoba, Km 364, mano a C\u00f3rdoba. Por la gravedad de las lesiones debi\u00f3 intervenir el helic\u00f3ptero de traslado para <a href=\"https:\/\/armstrongyregion.com.ar\/diario\/grave-accidente-de-un-menor-en-moto-sobre-autopista-rosario-cordoba\/\" title=\"Read more\" >&#8230;<\/a><\/p>\n","protected":false},"author":1,"featured_media":26819,"comment_status":"open","ping_status":"open","sticky":false,"template":"","format":"image","meta":{"_jetpack_memberships_contains_paid_content":false,"footnotes":"","jetpack_publicize_message":"","jetpack_publicize_feature_enabled":true,"jetpack_social_post_already_shared":true,"jetpack_social_options":{"image_generator_settings":{"template":"highway","default_image_id":0,"enabled":false},"version":2}},"categories":[8,1,2,3],"tags":[],"class_list":["post-26818","post","type-post","status-publish","format-image","has-post-thumbnail","hentry","category-deliberando","category-diario-armstrong","category-locales","category-region","post_format-post-format-image"],"jetpack_publicize_connections":[],"jetpack_featured_media_url":"https:\/\/armstrongyregion.com.ar\/diario\/wp-content\/uploads\/2020\/08\/safe_image.jpg","jetpack_shortlink":"https:\/\/wp.me\/p62QDO-6Yy","jetpack_sharing_enabled":true,"amp_enabled":true,"_links":{"self":[{"href":"https:\/\/armstrongyregion.com.ar\/diario\/wp-json\/wp\/v2\/posts\/26818","targetHints":{"allow":["GET"]}}],"collection":[{"href":"https:\/\/armstrongyregion.com.ar\/diario\/wp-json\/wp\/v2\/posts"}],"about":[{"href":"https:\/\/armstrongyregion.com.ar\/diario\/wp-json\/wp\/v2\/types\/post"}],"author":[{"embeddable":true,"href":"https:\/\/armstrongyregion.com.ar\/diario\/wp-json\/wp\/v2\/users\/1"}],"replies":[{"embeddable":true,"href":"https:\/\/armstrongyregion.com.ar\/diario\/wp-json\/wp\/v2\/comments?post=26818"}],"version-history":[{"count":2,"href":"https:\/\/armstrongyregion.com.ar\/diario\/wp-json\/wp\/v2\/posts\/26818\/revisions"}],"predecessor-version":[{"id":26821,"href":"https:\/\/armstrongyregion.com.ar\/diario\/wp-json\/wp\/v2\/posts\/26818\/revisions\/26821"}],"wp:featuredmedia":[{"embeddable":true,"href":"https:\/\/armstrongyregion.com.ar\/diario\/wp-json\/wp\/v2\/media\/26819"}],"wp:attachment":[{"href":"https:\/\/armstrongyregion.com.ar\/diario\/wp-json\/wp\/v2\/media?parent=26818"}],"wp:term":[{"taxonomy":"category","embeddable":true,"href":"https:\/\/armstrongyregion.com.ar\/diario\/wp-json\/wp\/v2\/categories?post=26818"},{"taxonomy":"post_tag","embeddable":true,"href":"https:\/\/armstrongyregion.com.ar\/diario\/wp-json\/wp\/v2\/tags?post=26818"}],"curies":[{"name":"wp","href":"https:\/\/api.w.org\/{rel}","templated":true}]}}