{"id":26767,"date":"2020-08-13T13:21:56","date_gmt":"2020-08-13T13:21:56","guid":{"rendered":"https:\/\/armstrongyregion.com.ar\/diario\/?p=26767"},"modified":"2020-08-13T13:22:00","modified_gmt":"2020-08-13T13:22:00","slug":"la-provincia-brindo-detalles-sobre-las-nuevas-lineas-del-plan-procrear","status":"publish","type":"post","link":"https:\/\/armstrongyregion.com.ar\/diario\/la-provincia-brindo-detalles-sobre-las-nuevas-lineas-del-plan-procrear\/","title":{"rendered":"La provincia brind\u00f3 detalles sobre las nuevas l\u00edneas del Plan Procrear"},"content":{"rendered":"\n<figure class=\"wp-block-image size-large\"><img loading=\"lazy\" decoding=\"async\" width=\"570\" height=\"320\" src=\"http:\/\/armstrongyregion.com.ar\/diario\/wp-content\/uploads\/2020\/08\/unnamed-14.jpg\" alt=\"\" class=\"wp-image-26768\" srcset=\"https:\/\/armstrongyregion.com.ar\/diario\/wp-content\/uploads\/2020\/08\/unnamed-14.jpg 570w, https:\/\/armstrongyregion.com.ar\/diario\/wp-content\/uploads\/2020\/08\/unnamed-14-300x168.jpg 300w\" sizes=\"auto, (max-width: 570px) 100vw, 570px\" \/><\/figure>\n\n\n\n<h2 class=\"wp-block-heading\"> Est\u00e1 destinado a familias interesadas en acceder a los cr\u00e9ditos personales. Se encuentra abierta la inscripci\u00f3n en dos de sus l\u00edneas: Refacci\u00f3n y Microcr\u00e9ditos. <\/h2>\n\n\n\n<p>En el marco del relanzamiento del Plan Procrear, desde la secretar\u00eda de H\u00e1bitat, Urbanismo y Vivienda de la Provincia, informaron que se encuentra abierta la inscripci\u00f3n en dos de sus l\u00edneas: Refacci\u00f3n y Microcr\u00e9ditos.<\/p>\n\n\n\n<p>En la p\u00e1gina web del programa del Ministerio de Desarrollo Territorial y H\u00e1bitat de la Naci\u00f3n est\u00e1 disponible la inscripci\u00f3n a la l\u00ednea de microcr\u00e9ditos para mejoramientos, y para refacci\u00f3n; ambas l\u00edneas suman 190.000 cr\u00e9ditos personales. Los microcr\u00e9ditos tienen una tasa del 24% y el plazo de 60 meses. Para refacciones van desde los $100.000, $250.000 \u00f3 $500.000, con tasa del 24% anual y 120 meses de financiaci\u00f3n para los dos primeros y 180 meses para el \u00faltimo.<\/p>\n\n\n\n<p>Al respecto, el secretario de H\u00e1bitat, Amado Zorz\u00f3n, expres\u00f3 que \u201ca trav\u00e9s de la ministra Silvina Frana, venimos trabajando con el ministerio de Desarrollo Territorial y H\u00e1bitat de Naci\u00f3n desde un primer momento en las pol\u00edticas de h\u00e1bitat, con el objetivo de articular acciones y para mejorar las condiciones de h\u00e1bitat de los sectores m\u00e1s postergados\u201d. Y ratifico:\u00bbComo nos pidi\u00f3 el gobernador Omar Perotti, trabajar por una Santa Fe sin ranchos, y es por esto, adem\u00e1s, que hace un mes y medio lanzamos un registro \u00fanico de tierras fiscales en la provincia de Santa Fe, y el programa de erradicaci\u00f3n de viviendas precarias\u00bb.<\/p>\n\n\n\n<p>Finalmente agreg\u00f3 que \u00absabemos de la necesidad de vivienda que hay en todo el pa\u00eds, por eso este plan Procrear tiene un alto impacto en la sociedad y genera mucha expectativa. Desde esta secretar\u00eda estamos trabajando con un objetivo claro que es contrarrestar los desequilibrios territoriales, de manera tal que la igualdad de oportunidades y la generaci\u00f3n de empleo no se centralicen en algunas zonas sino en toda la provincia\u00bb.<\/p>\n\n\n\n<p><strong>Acerca del Procrear<\/strong><\/p>\n\n\n\n<p>Procrear es una pol\u00edtica de desarrollo territorial, urbano y habitacional de alcance federal y con una perspectiva integral que busca mejorar las condiciones de acceso al h\u00e1bitat.<\/p>\n\n\n\n<p>A partir de sus nueve l\u00edneas, el Ministerio de Desarrollo Territorial y H\u00e1bitat se propone brindar 300 mil soluciones, entre cr\u00e9ditos personales e hipotecarios, que van desde el mejoramiento de la vivienda existente hasta viviendas nuevas en desarrollos urban\u00edsticos.<\/p>\n\n\n\n<p>M\u00e1s informaci\u00f3n:&nbsp;<a href=\"https:\/\/www.argentina.gob.ar\/habitat\/procrear\" target=\"_blank\" rel=\"noreferrer noopener\">https:\/\/www.argentina.gob.ar\/habitat\/procrear<\/a>.<\/p>\n","protected":false},"excerpt":{"rendered":"<p>Est\u00e1 destinado a familias interesadas en acceder a los cr\u00e9ditos personales. Se encuentra abierta la inscripci\u00f3n en dos de sus l\u00edneas: Refacci\u00f3n y Microcr\u00e9ditos. En el marco del relanzamiento del Plan Procrear, desde la secretar\u00eda de H\u00e1bitat, Urbanismo y Vivienda de la Provincia, informaron que se encuentra abierta la inscripci\u00f3n en dos de sus l\u00edneas: <a href=\"https:\/\/armstrongyregion.com.ar\/diario\/la-provincia-brindo-detalles-sobre-las-nuevas-lineas-del-plan-procrear\/\" title=\"Read more\" >&#8230;<\/a><\/p>\n","protected":false},"author":1,"featured_media":26768,"comment_status":"open","ping_status":"open","sticky":false,"template":"","format":"image","meta":{"_jetpack_memberships_contains_paid_content":false,"footnotes":"","jetpack_publicize_message":"","jetpack_publicize_feature_enabled":true,"jetpack_social_post_already_shared":true,"jetpack_social_options":{"image_generator_settings":{"template":"highway","default_image_id":0,"enabled":false},"version":2}},"categories":[8,1,2,7,3],"tags":[],"class_list":["post-26767","post","type-post","status-publish","format-image","has-post-thumbnail","hentry","category-deliberando","category-diario-armstrong","category-locales","category-politica","category-region","post_format-post-format-image"],"jetpack_publicize_connections":[],"jetpack_featured_media_url":"https:\/\/armstrongyregion.com.ar\/diario\/wp-content\/uploads\/2020\/08\/unnamed-14.jpg","jetpack_shortlink":"https:\/\/wp.me\/p62QDO-6XJ","jetpack_sharing_enabled":true,"amp_enabled":true,"_links":{"self":[{"href":"https:\/\/armstrongyregion.com.ar\/diario\/wp-json\/wp\/v2\/posts\/26767","targetHints":{"allow":["GET"]}}],"collection":[{"href":"https:\/\/armstrongyregion.com.ar\/diario\/wp-json\/wp\/v2\/posts"}],"about":[{"href":"https:\/\/armstrongyregion.com.ar\/diario\/wp-json\/wp\/v2\/types\/post"}],"author":[{"embeddable":true,"href":"https:\/\/armstrongyregion.com.ar\/diario\/wp-json\/wp\/v2\/users\/1"}],"replies":[{"embeddable":true,"href":"https:\/\/armstrongyregion.com.ar\/diario\/wp-json\/wp\/v2\/comments?post=26767"}],"version-history":[{"count":1,"href":"https:\/\/armstrongyregion.com.ar\/diario\/wp-json\/wp\/v2\/posts\/26767\/revisions"}],"predecessor-version":[{"id":26769,"href":"https:\/\/armstrongyregion.com.ar\/diario\/wp-json\/wp\/v2\/posts\/26767\/revisions\/26769"}],"wp:featuredmedia":[{"embeddable":true,"href":"https:\/\/armstrongyregion.com.ar\/diario\/wp-json\/wp\/v2\/media\/26768"}],"wp:attachment":[{"href":"https:\/\/armstrongyregion.com.ar\/diario\/wp-json\/wp\/v2\/media?parent=26767"}],"wp:term":[{"taxonomy":"category","embeddable":true,"href":"https:\/\/armstrongyregion.com.ar\/diario\/wp-json\/wp\/v2\/categories?post=26767"},{"taxonomy":"post_tag","embeddable":true,"href":"https:\/\/armstrongyregion.com.ar\/diario\/wp-json\/wp\/v2\/tags?post=26767"}],"curies":[{"name":"wp","href":"https:\/\/api.w.org\/{rel}","templated":true}]}}