{"id":26762,"date":"2020-08-12T22:25:49","date_gmt":"2020-08-12T22:25:49","guid":{"rendered":"https:\/\/armstrongyregion.com.ar\/diario\/?p=26762"},"modified":"2020-08-12T22:25:54","modified_gmt":"2020-08-12T22:25:54","slug":"lifschitz-impulsa-ley-de-agricultura-periurbana-para-fortalecer-los-cinturones-verdes-de-las-localidades-santafesinas","status":"publish","type":"post","link":"https:\/\/armstrongyregion.com.ar\/diario\/lifschitz-impulsa-ley-de-agricultura-periurbana-para-fortalecer-los-cinturones-verdes-de-las-localidades-santafesinas\/","title":{"rendered":"Lifschitz impulsa Ley de Agricultura periurbana para fortalecer los cinturones verdes de las localidades santafesinas."},"content":{"rendered":"\n<figure class=\"wp-block-image size-large\"><img loading=\"lazy\" decoding=\"async\" width=\"640\" height=\"400\" src=\"http:\/\/armstrongyregion.com.ar\/diario\/wp-content\/uploads\/2020\/08\/IMG-20200812-WA0100.jpg\" alt=\"\" class=\"wp-image-26763\" srcset=\"https:\/\/armstrongyregion.com.ar\/diario\/wp-content\/uploads\/2020\/08\/IMG-20200812-WA0100.jpg 640w, https:\/\/armstrongyregion.com.ar\/diario\/wp-content\/uploads\/2020\/08\/IMG-20200812-WA0100-300x188.jpg 300w\" sizes=\"auto, (max-width: 640px) 100vw, 640px\" \/><\/figure>\n\n\n\n<p>\n\n\u201cEs una propuesta innovadora que deja atr\u00e1s el conflicto entre lo urbano y lo rural, y plantea un modelo de integraci\u00f3n y desarrollo territorial equilibrado, que busca potenciar a los productores, la producci\u00f3n sustentable y el cuidado del medioambiente\u201d, detall\u00f3 el presidente de la C\u00e1mara de Diputados_<br>El presidente de la C\u00e1mara de Diputados, Miguel Lifschitz, present\u00f3 este mi\u00e9rcoles un proyecto de ley para promover los cinturones verdes y regular la actividad agropecuaria en las zonas periurbanas de pueblos y ciudades de la provincia, con el objetivo de intervenir en esos espacios con una perspectiva de desarrollo territorial, durante un encuentro virtual con diferentes referentes del sector. Se trata de la primera iniciativa en el pa\u00eds en este sentido y crea adem\u00e1s un fondo espec\u00edfico para la reconversi\u00f3n productiva y el apoyo a emprendimientos relacionados a la producci\u00f3n sustentable de alimentos y la bioeconom\u00eda.&nbsp;<br>\u201cEstamos presentando una propuesta innovadora de regulaci\u00f3n y planificaci\u00f3n -comenz\u00f3 por definir Lifschitz-, que deja atr\u00e1s la historia de conflicto entre lo urbano y lo rural, y plantea un modelo de integraci\u00f3n y desarrollo territorial equilibrado, con acento en la promoci\u00f3n, es decir, que busca multiplicar y potenciar a los productores, y no meramente hacer eje en las prohibiciones y el control. Es un modelo superador que apunta a establecer un ciclo virtuoso, promoviendo la producci\u00f3n sustentable de alimentos, los servicios ecosist\u00e9micos y la salud socio ambiental\u201d.<br>En tal sentido, el titular de la C\u00e1mara baja a\u00f1adi\u00f3: \u201cTendremos m\u00e1s producci\u00f3n, con mejor calidad y seguridad, porque se va a potenciar la producci\u00f3n la producci\u00f3n sustentable de orientaci\u00f3n agroecol\u00f3gica, que cada vez es m\u00e1s demandada por la poblaci\u00f3n. Esto beneficiar\u00e1 a peque\u00f1os productores, generando fuentes de trabajo y desarrollo local; adem\u00e1s se propiciar\u00e1 el desarrollo de actividades conexas como servicios e insumos para este tipo de producciones y tambi\u00e9n f\u00e1bricas que agreguen valor, que elaboren alimentos y subproductos\u00bb<br>Lifschitz destac\u00f3, adem\u00e1s, que el proyecto \u201crescata las demandas del sector rural y de los sectores urbanos, reconociendo lo que se denomina la realidad rururbana\u201d, a la vez que \u201cse apoya en la gesti\u00f3n metropolitana para lograr mejores resultados y mayor cohesi\u00f3n territorial\u201d.&nbsp;&nbsp;<br>Asimismo, detall\u00f3 que otro de los objetivos propuestos es \u201cpromover actividades productivas de vanguardia como la utilizaci\u00f3n de biomasa o los residuos de la producci\u00f3n primaria para la elaboraci\u00f3n de subproductos que puedan convertirse en energ\u00eda o fertilizantes naturales\u201d.<br>La presentaci\u00f3n de la iniciativa se realiz\u00f3 durante un encuentro virtual con unos 60 referentes de organizaciones sociales y de emprendedores, productores de alimentos de \u00e1reas metropolitanas, INTA, referentes de la agricultura familiar, representantes de las universidades nacionales de Rosario y el Litoral, Colegio de Ingenieros Agr\u00f3nomos, Federaci\u00f3n Agraria Argentina, el Foro de la Soberan\u00eda Alimentaria, la Bolsa de Comercio de Rosario y empresas productoras de alimentos. Tambi\u00e9n participaron cocejales y legisladores provinciales.&nbsp;<br>*CREACI\u00d3N DE SUELO PERIURBANO*&nbsp;El proyecto crea la figura del suelo periurbano, esto es, una interface entre lo rural y lo urbano. Es un tipo de suelo dedicado especialmente a la producci\u00f3n de alimentos de cercan\u00eda con el objetivo de fortalecer la seguridad y soberan\u00eda alimentaria de pueblos y ciudades. A su vez, estos espacios son estrat\u00e9gicos para responder a las nuevas demandas de la sociedad por una ruralidad multifuncional, capaz de desarrollarse en armon\u00eda con valores sociales y ambientales.&nbsp;<br>La identificaci\u00f3n del suelo periurbano incluye tanto aspectos cuantitativos como cualitativos para su zonificaci\u00f3n, de modo de evitar las incompatibilidades con los usos urbanos y rurales, por un lado, y jerarquizar aspectos hist\u00f3ricos, paisaj\u00edsticos, identitarios y territoriales propios de cada localidad o regi\u00f3n. Esto, a su vez, facilita el ordenamiento de las actividades y pr\u00e1cticas productivas factibles de desarrollarse en las adyacencias urbanas.<br>Otra ventaja de contar con suelo periurbano es que rescata los principios de la salud socio-ambiental y servicios ecosist\u00e9micos y promueve los principios de la sostenibilidad en el territorio, conservando el equilibrio del agroecosistema y su biodiversidad.<\/p>\n\n\n\n<figure class=\"wp-block-table\"><table class=\"\"><tbody><tr><td><\/td><td>ResponderReenviar<\/td><\/tr><\/tbody><\/table><\/figure>\n","protected":false},"excerpt":{"rendered":"<p>\u201cEs una propuesta innovadora que deja atr\u00e1s el conflicto entre lo urbano y lo rural, y plantea un modelo de integraci\u00f3n y desarrollo territorial equilibrado, que busca potenciar a los productores, la producci\u00f3n sustentable y el cuidado del medioambiente\u201d, detall\u00f3 el presidente de la C\u00e1mara de Diputados_El presidente de la C\u00e1mara de Diputados, Miguel Lifschitz, <a href=\"https:\/\/armstrongyregion.com.ar\/diario\/lifschitz-impulsa-ley-de-agricultura-periurbana-para-fortalecer-los-cinturones-verdes-de-las-localidades-santafesinas\/\" title=\"Read more\" >&#8230;<\/a><\/p>\n","protected":false},"author":1,"featured_media":26763,"comment_status":"open","ping_status":"open","sticky":false,"template":"","format":"image","meta":{"_jetpack_memberships_contains_paid_content":false,"footnotes":"","jetpack_publicize_message":"","jetpack_publicize_feature_enabled":true,"jetpack_social_post_already_shared":true,"jetpack_social_options":{"image_generator_settings":{"template":"highway","default_image_id":0,"enabled":false},"version":2}},"categories":[8,1,7,3],"tags":[],"class_list":["post-26762","post","type-post","status-publish","format-image","has-post-thumbnail","hentry","category-deliberando","category-diario-armstrong","category-politica","category-region","post_format-post-format-image"],"jetpack_publicize_connections":[],"jetpack_featured_media_url":"https:\/\/armstrongyregion.com.ar\/diario\/wp-content\/uploads\/2020\/08\/IMG-20200812-WA0100.jpg","jetpack_shortlink":"https:\/\/wp.me\/p62QDO-6XE","jetpack_sharing_enabled":true,"amp_enabled":true,"_links":{"self":[{"href":"https:\/\/armstrongyregion.com.ar\/diario\/wp-json\/wp\/v2\/posts\/26762","targetHints":{"allow":["GET"]}}],"collection":[{"href":"https:\/\/armstrongyregion.com.ar\/diario\/wp-json\/wp\/v2\/posts"}],"about":[{"href":"https:\/\/armstrongyregion.com.ar\/diario\/wp-json\/wp\/v2\/types\/post"}],"author":[{"embeddable":true,"href":"https:\/\/armstrongyregion.com.ar\/diario\/wp-json\/wp\/v2\/users\/1"}],"replies":[{"embeddable":true,"href":"https:\/\/armstrongyregion.com.ar\/diario\/wp-json\/wp\/v2\/comments?post=26762"}],"version-history":[{"count":1,"href":"https:\/\/armstrongyregion.com.ar\/diario\/wp-json\/wp\/v2\/posts\/26762\/revisions"}],"predecessor-version":[{"id":26764,"href":"https:\/\/armstrongyregion.com.ar\/diario\/wp-json\/wp\/v2\/posts\/26762\/revisions\/26764"}],"wp:featuredmedia":[{"embeddable":true,"href":"https:\/\/armstrongyregion.com.ar\/diario\/wp-json\/wp\/v2\/media\/26763"}],"wp:attachment":[{"href":"https:\/\/armstrongyregion.com.ar\/diario\/wp-json\/wp\/v2\/media?parent=26762"}],"wp:term":[{"taxonomy":"category","embeddable":true,"href":"https:\/\/armstrongyregion.com.ar\/diario\/wp-json\/wp\/v2\/categories?post=26762"},{"taxonomy":"post_tag","embeddable":true,"href":"https:\/\/armstrongyregion.com.ar\/diario\/wp-json\/wp\/v2\/tags?post=26762"}],"curies":[{"name":"wp","href":"https:\/\/api.w.org\/{rel}","templated":true}]}}