{"id":26760,"date":"2020-08-12T15:04:50","date_gmt":"2020-08-12T15:04:50","guid":{"rendered":"https:\/\/armstrongyregion.com.ar\/diario\/?p=26760"},"modified":"2020-08-12T15:04:54","modified_gmt":"2020-08-12T15:04:54","slug":"armstrong-paro-municipal-del-dia-13-de-agosto","status":"publish","type":"post","link":"https:\/\/armstrongyregion.com.ar\/diario\/armstrong-paro-municipal-del-dia-13-de-agosto\/","title":{"rendered":"Armstrong. Paro Municipal del d\u00eda 13 de agosto."},"content":{"rendered":"\n<figure class=\"wp-block-image size-large\"><img loading=\"lazy\" decoding=\"async\" width=\"601\" height=\"380\" src=\"http:\/\/armstrongyregion.com.ar\/diario\/wp-content\/uploads\/2019\/11\/Muni-Armstrong.jpg\" alt=\"\" class=\"wp-image-23695\" srcset=\"https:\/\/armstrongyregion.com.ar\/diario\/wp-content\/uploads\/2019\/11\/Muni-Armstrong.jpg 601w, https:\/\/armstrongyregion.com.ar\/diario\/wp-content\/uploads\/2019\/11\/Muni-Armstrong-300x190.jpg 300w\" sizes=\"auto, (max-width: 601px) 100vw, 601px\" \/><figcaption>MUNICIPALIDAD DE ARMSTRONG. LA REGION. 31\/10\/2013. REDACCION LC (ARMSTRONG &#8211; Argentina &#8211; Tags: Regi\u00f3n)<\/figcaption><\/figure>\n\n\n\n<p> En dialogo con nuestro medio la Secretaria de Gobierno de la municipalidad de Armstrong, Daniela P\u00e9rez, informaba que el paro se realizara con presencia en los lugares de trabajo, de 9 a 12hs del mediod\u00eda.<\/p>\n\n\n\n<p>Tambi\u00e9n afirmo que\n\u201cNo afectar\u00eda el tema de la recolecci\u00f3n de residuos\u201d.  \n<\/p>\n\n\n\n<p> Confirmando que trabajar\u00edan las \u00e1reas esenciales como  tr\u00e1nsito en controles sobre ruta, los empleados de SUSAMCo (Servicio de Urgencias) y IAPOS. Debido a que se consideran esenciales en estos momentos.<\/p>\n","protected":false},"excerpt":{"rendered":"<p>En dialogo con nuestro medio la Secretaria de Gobierno de la municipalidad de Armstrong, Daniela P\u00e9rez, informaba que el paro se realizara con presencia en los lugares de trabajo, de 9 a 12hs del mediod\u00eda. Tambi\u00e9n afirmo que \u201cNo afectar\u00eda el tema de la recolecci\u00f3n de residuos\u201d. Confirmando que trabajar\u00edan las \u00e1reas esenciales como tr\u00e1nsito <a href=\"https:\/\/armstrongyregion.com.ar\/diario\/armstrong-paro-municipal-del-dia-13-de-agosto\/\" title=\"Read more\" >&#8230;<\/a><\/p>\n","protected":false},"author":1,"featured_media":23695,"comment_status":"open","ping_status":"open","sticky":false,"template":"","format":"image","meta":{"_jetpack_memberships_contains_paid_content":false,"footnotes":"","jetpack_publicize_message":"","jetpack_publicize_feature_enabled":true,"jetpack_social_post_already_shared":true,"jetpack_social_options":{"image_generator_settings":{"template":"highway","default_image_id":0,"enabled":false},"version":2}},"categories":[8,1,2,7],"tags":[],"class_list":["post-26760","post","type-post","status-publish","format-image","has-post-thumbnail","hentry","category-deliberando","category-diario-armstrong","category-locales","category-politica","post_format-post-format-image"],"jetpack_publicize_connections":[],"jetpack_featured_media_url":"https:\/\/armstrongyregion.com.ar\/diario\/wp-content\/uploads\/2019\/11\/Muni-Armstrong.jpg","jetpack_shortlink":"https:\/\/wp.me\/p62QDO-6XC","jetpack_sharing_enabled":true,"amp_enabled":true,"_links":{"self":[{"href":"https:\/\/armstrongyregion.com.ar\/diario\/wp-json\/wp\/v2\/posts\/26760","targetHints":{"allow":["GET"]}}],"collection":[{"href":"https:\/\/armstrongyregion.com.ar\/diario\/wp-json\/wp\/v2\/posts"}],"about":[{"href":"https:\/\/armstrongyregion.com.ar\/diario\/wp-json\/wp\/v2\/types\/post"}],"author":[{"embeddable":true,"href":"https:\/\/armstrongyregion.com.ar\/diario\/wp-json\/wp\/v2\/users\/1"}],"replies":[{"embeddable":true,"href":"https:\/\/armstrongyregion.com.ar\/diario\/wp-json\/wp\/v2\/comments?post=26760"}],"version-history":[{"count":1,"href":"https:\/\/armstrongyregion.com.ar\/diario\/wp-json\/wp\/v2\/posts\/26760\/revisions"}],"predecessor-version":[{"id":26761,"href":"https:\/\/armstrongyregion.com.ar\/diario\/wp-json\/wp\/v2\/posts\/26760\/revisions\/26761"}],"wp:featuredmedia":[{"embeddable":true,"href":"https:\/\/armstrongyregion.com.ar\/diario\/wp-json\/wp\/v2\/media\/23695"}],"wp:attachment":[{"href":"https:\/\/armstrongyregion.com.ar\/diario\/wp-json\/wp\/v2\/media?parent=26760"}],"wp:term":[{"taxonomy":"category","embeddable":true,"href":"https:\/\/armstrongyregion.com.ar\/diario\/wp-json\/wp\/v2\/categories?post=26760"},{"taxonomy":"post_tag","embeddable":true,"href":"https:\/\/armstrongyregion.com.ar\/diario\/wp-json\/wp\/v2\/tags?post=26760"}],"curies":[{"name":"wp","href":"https:\/\/api.w.org\/{rel}","templated":true}]}}