{"id":26757,"date":"2020-08-12T14:51:51","date_gmt":"2020-08-12T14:51:51","guid":{"rendered":"https:\/\/armstrongyregion.com.ar\/diario\/?p=26757"},"modified":"2020-08-12T14:51:55","modified_gmt":"2020-08-12T14:51:55","slug":"los-municipales-realizaran-un-paro-este-jueves-13-de-agosto","status":"publish","type":"post","link":"https:\/\/armstrongyregion.com.ar\/diario\/los-municipales-realizaran-un-paro-este-jueves-13-de-agosto\/","title":{"rendered":"Los municipales realizar\u00e1n un paro este jueves 13 de agosto."},"content":{"rendered":"\n<figure class=\"wp-block-image size-large\"><img loading=\"lazy\" decoding=\"async\" width=\"1024\" height=\"680\" src=\"http:\/\/armstrongyregion.com.ar\/diario\/wp-content\/uploads\/2020\/08\/279636_festram.jpg\" alt=\"\" class=\"wp-image-26758\" srcset=\"https:\/\/armstrongyregion.com.ar\/diario\/wp-content\/uploads\/2020\/08\/279636_festram.jpg 1024w, https:\/\/armstrongyregion.com.ar\/diario\/wp-content\/uploads\/2020\/08\/279636_festram-300x199.jpg 300w, https:\/\/armstrongyregion.com.ar\/diario\/wp-content\/uploads\/2020\/08\/279636_festram-768x510.jpg 768w\" sizes=\"auto, (max-width: 1024px) 100vw, 1024px\" \/><\/figure>\n\n\n\n<h2 class=\"wp-block-heading\"> \u201cAnte la falta de respuestas a las demandas planteadas a los Intendentes y Presidentes de Comunas en el marco de la Comisi\u00f3n Paritaria Municipal\u201d, sostuvieron en un comunicado. <\/h2>\n\n\n\n<p>En cumplimiento a lo resuelto por el Plenario de Secretarios Generales -realizado por teleconferencia el 30 de Julio pasado- los representantes paritarios de FESTRAM resolvieron llevar adelante una \u201cJornada de Protesta de 24 Horas\u201d, ante la falta de respuestas a las demandas planteadas a los Intendentes y Presidentes de Comunas en el marco de la Comisi\u00f3n Paritaria Municipal.<br>\u201cLa Federaci\u00f3n defini\u00f3 la protesta en los lugares de trabajo, con eje en la Movilizaci\u00f3n y Marcha de Veh\u00edculos bajo los protocolos correspondientes, los que ser\u00e1n movilizados de acuerdo a la organizaci\u00f3n que cada Sindicato disponga. Asimismo, se prev\u00e9 que las y los trabajadores dejen sus lugares de trabajo para mantenerse en el exterior de los mismos con carteles y pancartas en reclamo de una recomposici\u00f3n salarial, la actualizaci\u00f3n de las Asignaciones Familiares, el pago del Bono COVID-19 y el resto de los reclamos expuestos en la Paritaria del Sector\u201d, se\u00f1alaron desde FESTRAM en un comunicado.<br>En otro fragmento del escrito, indicaron que \u201cFESTRAM viene exigiendo una recomposici\u00f3n salarial que compense la p\u00e9rdida del poder adquisitivo, hecho que les gener\u00f3 un ahorro de m\u00e1s de 800 millones de pesos a los Municipios y Comunas. Entendemos que ese cr\u00e9dito tomado de los trabajadores debe volver a quienes est\u00e1n desempe\u00f1ando un papel fundamental en la lucha contra la pandemia en cada rinc\u00f3n de la Provincia. Tambi\u00e9n, insiste en la necesidad de que el Gobierno Provincial equipare las Asignaciones Familiares a las establecidas por el Presidente Alberto Fern\u00e1ndez ya que en Santa Fe mantienen montos humillantes y vergonzantes\u201d, advirtieron.<\/p>\n\n\n\n<p>\u201cAsimismo, expresa su repudio al intento del Estado santafesino de pagar sumas fijas no remunerativas a sus trabajadores, que adem\u00e1s de deteriorar el poder adquisitivo del salario, tiene como objetivo final desfinanciar los organismos previsionales, d\u00e9ficit generado para configurar una \u201cprofec\u00eda autocumplida\u201d de las pol\u00edticas neoliberales, con ajuste sobre salud y jubilaciones\u201d, manifestaron los municipales, al tiempo que completaron: \u201cFESTRAM aclara que continuar\u00e1 apostando al di\u00e1logo y esperando una respuesta acorde a las necesidades de los trabajadores, que contemple la plena vigencia de las paritarias como mecanismo de negociaci\u00f3n colectiva, y repudia las formas autoritarias de fijar salarios y condiciones de trabajo unilateralmente. De no lograr un acuerdo equitativo el plan de lucha se extender\u00e1 la siguiente semana con medidas de fuerza por 48 horas\u201d.<\/p>\n\n\n\n<p>Fuente: FESTRAM.<\/p>\n","protected":false},"excerpt":{"rendered":"<p>\u201cAnte la falta de respuestas a las demandas planteadas a los Intendentes y Presidentes de Comunas en el marco de la Comisi\u00f3n Paritaria Municipal\u201d, sostuvieron en un comunicado. En cumplimiento a lo resuelto por el Plenario de Secretarios Generales -realizado por teleconferencia el 30 de Julio pasado- los representantes paritarios de FESTRAM resolvieron llevar adelante <a href=\"https:\/\/armstrongyregion.com.ar\/diario\/los-municipales-realizaran-un-paro-este-jueves-13-de-agosto\/\" title=\"Read more\" >&#8230;<\/a><\/p>\n","protected":false},"author":1,"featured_media":26758,"comment_status":"open","ping_status":"open","sticky":false,"template":"","format":"image","meta":{"_jetpack_memberships_contains_paid_content":false,"footnotes":"","jetpack_publicize_message":"","jetpack_publicize_feature_enabled":true,"jetpack_social_post_already_shared":true,"jetpack_social_options":{"image_generator_settings":{"template":"highway","default_image_id":0,"enabled":false},"version":2}},"categories":[8,1,2,7,3],"tags":[],"class_list":["post-26757","post","type-post","status-publish","format-image","has-post-thumbnail","hentry","category-deliberando","category-diario-armstrong","category-locales","category-politica","category-region","post_format-post-format-image"],"jetpack_publicize_connections":[],"jetpack_featured_media_url":"https:\/\/armstrongyregion.com.ar\/diario\/wp-content\/uploads\/2020\/08\/279636_festram.jpg","jetpack_shortlink":"https:\/\/wp.me\/p62QDO-6Xz","jetpack_sharing_enabled":true,"amp_enabled":true,"_links":{"self":[{"href":"https:\/\/armstrongyregion.com.ar\/diario\/wp-json\/wp\/v2\/posts\/26757","targetHints":{"allow":["GET"]}}],"collection":[{"href":"https:\/\/armstrongyregion.com.ar\/diario\/wp-json\/wp\/v2\/posts"}],"about":[{"href":"https:\/\/armstrongyregion.com.ar\/diario\/wp-json\/wp\/v2\/types\/post"}],"author":[{"embeddable":true,"href":"https:\/\/armstrongyregion.com.ar\/diario\/wp-json\/wp\/v2\/users\/1"}],"replies":[{"embeddable":true,"href":"https:\/\/armstrongyregion.com.ar\/diario\/wp-json\/wp\/v2\/comments?post=26757"}],"version-history":[{"count":1,"href":"https:\/\/armstrongyregion.com.ar\/diario\/wp-json\/wp\/v2\/posts\/26757\/revisions"}],"predecessor-version":[{"id":26759,"href":"https:\/\/armstrongyregion.com.ar\/diario\/wp-json\/wp\/v2\/posts\/26757\/revisions\/26759"}],"wp:featuredmedia":[{"embeddable":true,"href":"https:\/\/armstrongyregion.com.ar\/diario\/wp-json\/wp\/v2\/media\/26758"}],"wp:attachment":[{"href":"https:\/\/armstrongyregion.com.ar\/diario\/wp-json\/wp\/v2\/media?parent=26757"}],"wp:term":[{"taxonomy":"category","embeddable":true,"href":"https:\/\/armstrongyregion.com.ar\/diario\/wp-json\/wp\/v2\/categories?post=26757"},{"taxonomy":"post_tag","embeddable":true,"href":"https:\/\/armstrongyregion.com.ar\/diario\/wp-json\/wp\/v2\/tags?post=26757"}],"curies":[{"name":"wp","href":"https:\/\/api.w.org\/{rel}","templated":true}]}}