{"id":26754,"date":"2020-08-12T14:32:53","date_gmt":"2020-08-12T14:32:53","guid":{"rendered":"https:\/\/armstrongyregion.com.ar\/diario\/?p=26754"},"modified":"2020-08-12T14:32:58","modified_gmt":"2020-08-12T14:32:58","slug":"medicos-de-paro-este-miercoles-y-jueves-solo-guardias-minimas-y-atencion-covid","status":"publish","type":"post","link":"https:\/\/armstrongyregion.com.ar\/diario\/medicos-de-paro-este-miercoles-y-jueves-solo-guardias-minimas-y-atencion-covid\/","title":{"rendered":"M\u00e9dicos de paro este mi\u00e9rcoles y jueves: s\u00f3lo guardias m\u00ednimas y atenci\u00f3n covid."},"content":{"rendered":"\n<figure class=\"wp-block-image size-large\"><img loading=\"lazy\" decoding=\"async\" width=\"800\" height=\"450\" src=\"http:\/\/armstrongyregion.com.ar\/diario\/wp-content\/uploads\/2020\/08\/siprus2.jpg_1756841869.jpg\" alt=\"\" class=\"wp-image-26755\" srcset=\"https:\/\/armstrongyregion.com.ar\/diario\/wp-content\/uploads\/2020\/08\/siprus2.jpg_1756841869.jpg 800w, https:\/\/armstrongyregion.com.ar\/diario\/wp-content\/uploads\/2020\/08\/siprus2.jpg_1756841869-300x169.jpg 300w, https:\/\/armstrongyregion.com.ar\/diario\/wp-content\/uploads\/2020\/08\/siprus2.jpg_1756841869-768x432.jpg 768w\" sizes=\"auto, (max-width: 800px) 100vw, 800px\" \/><\/figure>\n\n\n\n<h2 class=\"wp-block-heading\">Los profesionales nucleados en  Siprus llevan adelante un cese de actividades en todos los hospitales y centros de salud provinciales de Santa Fe, en contra de la pol\u00edtica salarial del gobierno que la semana pasada anunci\u00f3 un bono extra de 3 mil pesos para los sueldos de agosto. Los m\u00e9dicos de Siprus hacen dos d\u00edas de paro.  AnteriorSiguiente 1 de 1 | Los m\u00e9dicos de Siprus hacen dos d\u00edas de paro. <\/h2>\n\n\n\n<p> <strong>Este mi\u00e9rcoles y jueves, los m\u00e9dicos<\/strong>\u00a0nucleados en el Sindicato de Profesionales Universitarios de la Salud (<strong>Siprus<\/strong>) llevan adelante una doble jornada de paro de actividades en todos los hospitales y centros de salud provinciales de Santa Fe, en contra de la pol\u00edtica salarial del gobierno de Omar Perotti que<a rel=\"noreferrer noopener\" href=\"https:\/\/www.rosario3.com\/informaciongeneral\/La-Provincia-pagara-un-bono-de-emergencia-a-todos-los-empleados-publicos-20200806-0011.html\" target=\"_blank\">\u00a0la semana pasada anunci\u00f3 un\u00a0<strong>bono extra de 3 mil pesos<\/strong><\/a><strong>\u00a0para los sueldos de agosto de todos los agentes p\u00fablicos.<\/strong>\u00a0Consideran que es insuficiente y piden discutir salarios. <\/p>\n\n\n\n<p> \u00ab<strong>Pedimos una propuesta que sea acorde a la inflaci\u00f3n<\/strong>\u00a0y se ponga en discusi\u00f3n la precariedad laboral\u00bb, se\u00f1al\u00f3 Diego Ainsuain de Siprus\u00a0Rosario a Radio 2. Con el paro de los profesionales universitarios, esta semana tendr\u00e1 en total tres d\u00edas con atenci\u00f3n m\u00e9dica reducida ya que\u00a0<strong><a rel=\"noreferrer noopener\" href=\"https:\/\/www.rosario3.com\/informaciongeneral\/Paro-de-medicos-solo-guardias-minimas-y-asistencia-por-covid-20200810-0016.html\" target=\"_blank\">el lunes comenz\u00f3 con la medida de fuerza de la Asociaci\u00f3n de M\u00e9dicos de la Rep\u00fablica Argentina (Amra).<\/a><\/strong> <\/p>\n\n\n\n<p><strong>El paro, no obstante, no afecta la atenci\u00f3n en las guardias de emergencia y guardias covid.<\/strong><\/p>\n\n\n\n<p> Hace tiempo que los m\u00e9dicos reclaman mejores condiciones laborales pero la semana pasada el malestar se increment\u00f3 con el anuncio de un bono salarial que consideran insuficiente. Piden sentarse a discutir paritarias, pases a planta y pago de salarios y adicionales con hasta nueve meses de deuda. <\/p>\n\n\n\n<p>Fuente: Rosario 3<\/p>\n\n\n","protected":false},"excerpt":{"rendered":"<p>Los profesionales nucleados en Siprus llevan adelante un cese de actividades en todos los hospitales y centros de salud provinciales de Santa Fe, en contra de la pol\u00edtica salarial del gobierno que la semana pasada anunci\u00f3 un bono extra de 3 mil pesos para los sueldos de agosto. Los m\u00e9dicos de Siprus hacen dos d\u00edas <a href=\"https:\/\/armstrongyregion.com.ar\/diario\/medicos-de-paro-este-miercoles-y-jueves-solo-guardias-minimas-y-atencion-covid\/\" title=\"Read more\" >&#8230;<\/a><\/p>\n","protected":false},"author":1,"featured_media":26755,"comment_status":"open","ping_status":"open","sticky":false,"template":"","format":"image","meta":{"_jetpack_memberships_contains_paid_content":false,"footnotes":"","jetpack_publicize_message":"","jetpack_publicize_feature_enabled":true,"jetpack_social_post_already_shared":true,"jetpack_social_options":{"image_generator_settings":{"template":"highway","default_image_id":0,"enabled":false},"version":2}},"categories":[8,1,2,3],"tags":[],"class_list":["post-26754","post","type-post","status-publish","format-image","has-post-thumbnail","hentry","category-deliberando","category-diario-armstrong","category-locales","category-region","post_format-post-format-image"],"jetpack_publicize_connections":[],"jetpack_featured_media_url":"https:\/\/armstrongyregion.com.ar\/diario\/wp-content\/uploads\/2020\/08\/siprus2.jpg_1756841869.jpg","jetpack_shortlink":"https:\/\/wp.me\/p62QDO-6Xw","jetpack_sharing_enabled":true,"amp_enabled":true,"_links":{"self":[{"href":"https:\/\/armstrongyregion.com.ar\/diario\/wp-json\/wp\/v2\/posts\/26754","targetHints":{"allow":["GET"]}}],"collection":[{"href":"https:\/\/armstrongyregion.com.ar\/diario\/wp-json\/wp\/v2\/posts"}],"about":[{"href":"https:\/\/armstrongyregion.com.ar\/diario\/wp-json\/wp\/v2\/types\/post"}],"author":[{"embeddable":true,"href":"https:\/\/armstrongyregion.com.ar\/diario\/wp-json\/wp\/v2\/users\/1"}],"replies":[{"embeddable":true,"href":"https:\/\/armstrongyregion.com.ar\/diario\/wp-json\/wp\/v2\/comments?post=26754"}],"version-history":[{"count":1,"href":"https:\/\/armstrongyregion.com.ar\/diario\/wp-json\/wp\/v2\/posts\/26754\/revisions"}],"predecessor-version":[{"id":26756,"href":"https:\/\/armstrongyregion.com.ar\/diario\/wp-json\/wp\/v2\/posts\/26754\/revisions\/26756"}],"wp:featuredmedia":[{"embeddable":true,"href":"https:\/\/armstrongyregion.com.ar\/diario\/wp-json\/wp\/v2\/media\/26755"}],"wp:attachment":[{"href":"https:\/\/armstrongyregion.com.ar\/diario\/wp-json\/wp\/v2\/media?parent=26754"}],"wp:term":[{"taxonomy":"category","embeddable":true,"href":"https:\/\/armstrongyregion.com.ar\/diario\/wp-json\/wp\/v2\/categories?post=26754"},{"taxonomy":"post_tag","embeddable":true,"href":"https:\/\/armstrongyregion.com.ar\/diario\/wp-json\/wp\/v2\/tags?post=26754"}],"curies":[{"name":"wp","href":"https:\/\/api.w.org\/{rel}","templated":true}]}}