{"id":26740,"date":"2020-08-11T13:53:17","date_gmt":"2020-08-11T13:53:17","guid":{"rendered":"https:\/\/armstrongyregion.com.ar\/diario\/?p=26740"},"modified":"2020-08-11T13:53:20","modified_gmt":"2020-08-11T13:53:20","slug":"este-martes-en-deliberando-el-turismo-en-santa-fe","status":"publish","type":"post","link":"https:\/\/armstrongyregion.com.ar\/diario\/este-martes-en-deliberando-el-turismo-en-santa-fe\/","title":{"rendered":"Este martes en DELIBERANDO, el turismo en Santa Fe."},"content":{"rendered":"\n<figure class=\"wp-block-image size-large\"><img loading=\"lazy\" decoding=\"async\" width=\"960\" height=\"560\" src=\"http:\/\/armstrongyregion.com.ar\/diario\/wp-content\/uploads\/2020\/08\/Grandinetti-Crispino.jpg\" alt=\"\" class=\"wp-image-26741\" srcset=\"https:\/\/armstrongyregion.com.ar\/diario\/wp-content\/uploads\/2020\/08\/Grandinetti-Crispino.jpg 960w, https:\/\/armstrongyregion.com.ar\/diario\/wp-content\/uploads\/2020\/08\/Grandinetti-Crispino-300x175.jpg 300w, https:\/\/armstrongyregion.com.ar\/diario\/wp-content\/uploads\/2020\/08\/Grandinetti-Crispino-768x448.jpg 768w\" sizes=\"auto, (max-width: 960px) 100vw, 960px\" \/><\/figure>\n\n\n\n<p> Con el secretario de turismo de la provincia de Santa Fe, Lic. Alejandro Grandinetti, abordaremos la proyecci\u00f3n tur\u00edstica de nuestra provincia.<\/p>\n\n\n\n<p> D\u00edas atr\u00e1s realiz\u00f3 una reuni\u00f3n virtual con representantes de institutos educativos con finalidad en turismo tanto universidades como escuelas secundarias. El objetivo crear un estamento de consulta y promoci\u00f3n de las cualidades tur\u00edsticas de Santa Fe. Destacar\u00e1 como fue la recepci\u00f3n de esta inquietud de la secretaria. <\/p>\n\n\n\n<p>Otro de los temas abordados es como incentivar a realizar turismo en la provincia y los lugares que se pueden visitar. Har\u00e1 un detalle pormenorizado sobre la capacidad hotelera instalada y la posibilidad de aumentarla.<\/p>\n\n\n\n<p>Todo esto este martes en DELIBERANDO con la conducci\u00f3n de la licenciada Graciela De la Casa y Oscar Crispino. 21hs Por Cable Imagen Armstrong.<\/p>\n","protected":false},"excerpt":{"rendered":"<p>Con el secretario de turismo de la provincia de Santa Fe, Lic. Alejandro Grandinetti, abordaremos la proyecci\u00f3n tur\u00edstica de nuestra provincia. D\u00edas atr\u00e1s realiz\u00f3 una reuni\u00f3n virtual con representantes de institutos educativos con finalidad en turismo tanto universidades como escuelas secundarias. El objetivo crear un estamento de consulta y promoci\u00f3n de las cualidades tur\u00edsticas de <a href=\"https:\/\/armstrongyregion.com.ar\/diario\/este-martes-en-deliberando-el-turismo-en-santa-fe\/\" title=\"Read more\" >&#8230;<\/a><\/p>\n","protected":false},"author":1,"featured_media":26741,"comment_status":"open","ping_status":"open","sticky":false,"template":"","format":"image","meta":{"_jetpack_memberships_contains_paid_content":false,"footnotes":"","jetpack_publicize_message":"","jetpack_publicize_feature_enabled":true,"jetpack_social_post_already_shared":true,"jetpack_social_options":{"image_generator_settings":{"template":"highway","default_image_id":0,"enabled":false},"version":2}},"categories":[8,1,2,7,3],"tags":[],"class_list":["post-26740","post","type-post","status-publish","format-image","has-post-thumbnail","hentry","category-deliberando","category-diario-armstrong","category-locales","category-politica","category-region","post_format-post-format-image"],"jetpack_publicize_connections":[],"jetpack_featured_media_url":"https:\/\/armstrongyregion.com.ar\/diario\/wp-content\/uploads\/2020\/08\/Grandinetti-Crispino.jpg","jetpack_shortlink":"https:\/\/wp.me\/p62QDO-6Xi","jetpack_sharing_enabled":true,"amp_enabled":true,"_links":{"self":[{"href":"https:\/\/armstrongyregion.com.ar\/diario\/wp-json\/wp\/v2\/posts\/26740","targetHints":{"allow":["GET"]}}],"collection":[{"href":"https:\/\/armstrongyregion.com.ar\/diario\/wp-json\/wp\/v2\/posts"}],"about":[{"href":"https:\/\/armstrongyregion.com.ar\/diario\/wp-json\/wp\/v2\/types\/post"}],"author":[{"embeddable":true,"href":"https:\/\/armstrongyregion.com.ar\/diario\/wp-json\/wp\/v2\/users\/1"}],"replies":[{"embeddable":true,"href":"https:\/\/armstrongyregion.com.ar\/diario\/wp-json\/wp\/v2\/comments?post=26740"}],"version-history":[{"count":1,"href":"https:\/\/armstrongyregion.com.ar\/diario\/wp-json\/wp\/v2\/posts\/26740\/revisions"}],"predecessor-version":[{"id":26742,"href":"https:\/\/armstrongyregion.com.ar\/diario\/wp-json\/wp\/v2\/posts\/26740\/revisions\/26742"}],"wp:featuredmedia":[{"embeddable":true,"href":"https:\/\/armstrongyregion.com.ar\/diario\/wp-json\/wp\/v2\/media\/26741"}],"wp:attachment":[{"href":"https:\/\/armstrongyregion.com.ar\/diario\/wp-json\/wp\/v2\/media?parent=26740"}],"wp:term":[{"taxonomy":"category","embeddable":true,"href":"https:\/\/armstrongyregion.com.ar\/diario\/wp-json\/wp\/v2\/categories?post=26740"},{"taxonomy":"post_tag","embeddable":true,"href":"https:\/\/armstrongyregion.com.ar\/diario\/wp-json\/wp\/v2\/tags?post=26740"}],"curies":[{"name":"wp","href":"https:\/\/api.w.org\/{rel}","templated":true}]}}