{"id":26737,"date":"2020-08-11T13:44:31","date_gmt":"2020-08-11T13:44:31","guid":{"rendered":"https:\/\/armstrongyregion.com.ar\/diario\/?p=26737"},"modified":"2020-08-11T13:44:35","modified_gmt":"2020-08-11T13:44:35","slug":"orden-del-dia-11-de-agosto-2020","status":"publish","type":"post","link":"https:\/\/armstrongyregion.com.ar\/diario\/orden-del-dia-11-de-agosto-2020\/","title":{"rendered":"Orden del Dia 11 de Agosto 2020."},"content":{"rendered":"\n<figure class=\"wp-block-image size-large\"><img loading=\"lazy\" decoding=\"async\" width=\"480\" height=\"360\" src=\"http:\/\/armstrongyregion.com.ar\/diario\/wp-content\/uploads\/2020\/08\/concejo-1-1.jpg\" alt=\"\" class=\"wp-image-26738\" srcset=\"https:\/\/armstrongyregion.com.ar\/diario\/wp-content\/uploads\/2020\/08\/concejo-1-1.jpg 480w, https:\/\/armstrongyregion.com.ar\/diario\/wp-content\/uploads\/2020\/08\/concejo-1-1-300x225.jpg 300w\" sizes=\"auto, (max-width: 480px) 100vw, 480px\" \/><\/figure>\n\n\n\n<p>\n1-  ACTA  SESI\u00d3N \nORDINARIA N\u00ba 1031<\/p>\n\n\n\n<p>     ACTA\n SESI\u00d3N  EXTRAORDINARIA N\u00ba 066<\/p>\n\n\n\n<p>2-\n MENSAJES DEL D.E.:<\/p>\n\n\n\n<p>3-\n CORRESPONDENCIA:<\/p>\n\n\n\n<p>4-\n DICTAMENES DE COMISIONES:   \n<\/p>\n\n\n\n<p>5-\n PROYECTOS DE CONCEJALES:<\/p>\n\n\n\n<p>    A-\nBLOQUE DE FRENTE PROGRESISTA, C\u00cdVICO Y SOCIAL: \n<\/p>\n\n\n\n<p>       1-\nM.C.: RELEVAMIENTO DE EQUINOS EN EL EJIDO URBANO.<\/p>\n\n\n\n<p>    B-\nBLOQUE DE RENOVACI\u00d3N POR ARMSTRONG: \n<\/p>\n\n\n\n<p>       2-\nM.C.: INSTALACI\u00d3N DE M\u00c1S CANTIDAD DE CAJEROS AUTOM\u00c1TICOS.<\/p>\n\n\n\n<p>       3-\nM.C.: RELEVAMIENTO DE PARARRAYOS EN LA CIUDAD.<\/p>\n\n\n\n<p>   C-\nBLOQUE JUSTICIALISTA: \n<\/p>\n\n\n\n<p>       4-\nM.C.: ILUMINACI\u00d3N EN CALLE CALIFORNIA, ENTRE PEDRO FERRERO Y\nLISANDRO DE LA \n<\/p>\n\n\n\n<p>                   \nTORRE.<\/p>\n\n\n\n<p>   D-\nCONCEJO: \n<\/p>\n\n\n\n<p>       5-\nM.D.: 170\u00ba ANIVERSARIO DEL FALLECIMIENTO DEL GRAL. SAN MART\u00cdN.<\/p>\n\n\n\n<p>        INICIO\nA LAS 17:00 HORAS. \n<\/p>\n","protected":false},"excerpt":{"rendered":"<p>1- ACTA SESI\u00d3N ORDINARIA N\u00ba 1031 ACTA SESI\u00d3N EXTRAORDINARIA N\u00ba 066 2- MENSAJES DEL D.E.: 3- CORRESPONDENCIA: 4- DICTAMENES DE COMISIONES: 5- PROYECTOS DE CONCEJALES: A- BLOQUE DE FRENTE PROGRESISTA, C\u00cdVICO Y SOCIAL: 1- M.C.: RELEVAMIENTO DE EQUINOS EN EL EJIDO URBANO. B- BLOQUE DE RENOVACI\u00d3N POR ARMSTRONG: 2- M.C.: INSTALACI\u00d3N DE M\u00c1S CANTIDAD DE <a href=\"https:\/\/armstrongyregion.com.ar\/diario\/orden-del-dia-11-de-agosto-2020\/\" title=\"Read more\" >&#8230;<\/a><\/p>\n","protected":false},"author":1,"featured_media":26738,"comment_status":"open","ping_status":"open","sticky":false,"template":"","format":"image","meta":{"_jetpack_memberships_contains_paid_content":false,"footnotes":"","jetpack_publicize_message":"","jetpack_publicize_feature_enabled":true,"jetpack_social_post_already_shared":true,"jetpack_social_options":{"image_generator_settings":{"template":"highway","default_image_id":0,"enabled":false},"version":2}},"categories":[8,1,2,7],"tags":[],"class_list":["post-26737","post","type-post","status-publish","format-image","has-post-thumbnail","hentry","category-deliberando","category-diario-armstrong","category-locales","category-politica","post_format-post-format-image"],"jetpack_publicize_connections":[],"jetpack_featured_media_url":"https:\/\/armstrongyregion.com.ar\/diario\/wp-content\/uploads\/2020\/08\/concejo-1-1.jpg","jetpack_shortlink":"https:\/\/wp.me\/p62QDO-6Xf","jetpack_sharing_enabled":true,"amp_enabled":true,"_links":{"self":[{"href":"https:\/\/armstrongyregion.com.ar\/diario\/wp-json\/wp\/v2\/posts\/26737","targetHints":{"allow":["GET"]}}],"collection":[{"href":"https:\/\/armstrongyregion.com.ar\/diario\/wp-json\/wp\/v2\/posts"}],"about":[{"href":"https:\/\/armstrongyregion.com.ar\/diario\/wp-json\/wp\/v2\/types\/post"}],"author":[{"embeddable":true,"href":"https:\/\/armstrongyregion.com.ar\/diario\/wp-json\/wp\/v2\/users\/1"}],"replies":[{"embeddable":true,"href":"https:\/\/armstrongyregion.com.ar\/diario\/wp-json\/wp\/v2\/comments?post=26737"}],"version-history":[{"count":1,"href":"https:\/\/armstrongyregion.com.ar\/diario\/wp-json\/wp\/v2\/posts\/26737\/revisions"}],"predecessor-version":[{"id":26739,"href":"https:\/\/armstrongyregion.com.ar\/diario\/wp-json\/wp\/v2\/posts\/26737\/revisions\/26739"}],"wp:featuredmedia":[{"embeddable":true,"href":"https:\/\/armstrongyregion.com.ar\/diario\/wp-json\/wp\/v2\/media\/26738"}],"wp:attachment":[{"href":"https:\/\/armstrongyregion.com.ar\/diario\/wp-json\/wp\/v2\/media?parent=26737"}],"wp:term":[{"taxonomy":"category","embeddable":true,"href":"https:\/\/armstrongyregion.com.ar\/diario\/wp-json\/wp\/v2\/categories?post=26737"},{"taxonomy":"post_tag","embeddable":true,"href":"https:\/\/armstrongyregion.com.ar\/diario\/wp-json\/wp\/v2\/tags?post=26737"}],"curies":[{"name":"wp","href":"https:\/\/api.w.org\/{rel}","templated":true}]}}