{"id":26735,"date":"2020-08-11T00:19:41","date_gmt":"2020-08-11T00:19:41","guid":{"rendered":"https:\/\/armstrongyregion.com.ar\/diario\/?p=26735"},"modified":"2020-08-11T00:19:44","modified_gmt":"2020-08-11T00:19:44","slug":"situacion-epidemiologica-de-la-provincia-de-santa-fe-en-relacion-al-coronavirus-12","status":"publish","type":"post","link":"https:\/\/armstrongyregion.com.ar\/diario\/situacion-epidemiologica-de-la-provincia-de-santa-fe-en-relacion-al-coronavirus-12\/","title":{"rendered":"Situaci\u00f3n epidemiol\u00f3gica de la provincia de Santa Fe en relaci\u00f3n al coronavirus."},"content":{"rendered":"\n<figure class=\"wp-block-image size-large\"><img loading=\"lazy\" decoding=\"async\" width=\"480\" height=\"270\" src=\"http:\/\/armstrongyregion.com.ar\/diario\/wp-content\/uploads\/2020\/05\/Covid-19.jpg\" alt=\"\" class=\"wp-image-25863\" srcset=\"https:\/\/armstrongyregion.com.ar\/diario\/wp-content\/uploads\/2020\/05\/Covid-19.jpg 480w, https:\/\/armstrongyregion.com.ar\/diario\/wp-content\/uploads\/2020\/05\/Covid-19-300x169.jpg 300w\" sizes=\"auto, (max-width: 480px) 100vw, 480px\" \/><\/figure>\n\n\n\n<h2 class=\"wp-block-heading\"> Informe actualizado al lunes 10 de agosto a las 19hs. <\/h2>\n\n\n\n<p>El Ministerio de Salud de Santa Fe, a trav\u00e9s de la Direcci\u00f3n Provincial de Epidemiolog\u00eda, informa a la poblaci\u00f3n que en el d\u00eda de la fecha&nbsp;<strong>se han confirmado 143 casos nuevos de COVID-19<\/strong>, en el territorio provincial.<\/p>\n\n\n\n<p><strong>Casos nuevos confirmados<\/strong><\/p>\n\n\n\n<p>Los casos nuevos corresponden a las localidades de:<\/p>\n\n\n\n<ul class=\"wp-block-list\"><li>53 de Rosario (18 contactos de casos confirmados y 35 en investigaci\u00f3n).<\/li><li>36 de Casilda (5 contactos de casos confirmados y 31 en investigaci\u00f3n).<\/li><li>10 de Venado Tuerto (en investigaci\u00f3n).<\/li><li>7 de Monte Vera (contactos de casos confirmados).<\/li><li>7 de Santa Fe (contactos de casos confirmados).<\/li><li>7 de San Lorenzo (1 contacto de caso confirmado y 5 en investigaci\u00f3n).<\/li><li>6 de Pujato (en investigaci\u00f3n).<\/li><li>2 de Las Parejas (contactos de casos confirmados).<\/li><li>2 de Villa Constituci\u00f3n (1 contacto con caso confirmado y 1 en investigaci\u00f3n).<\/li><li>2 de Funes (en investigaci\u00f3n).<\/li><li>1 de Arequito (en investigaci\u00f3n).<\/li><li>1 de San Jos\u00e9 de la Esquina (en investigaci\u00f3n).<\/li><li>1 de Los Molinos (en investigaci\u00f3n).<\/li><li>1 de Santa Isabel (en investigaci\u00f3n).<\/li><li>1 de Correa (en investigaci\u00f3n).<\/li><li>1 de Santo Tom\u00e9 (en investigaci\u00f3n).<\/li><li>1 de P\u00e9rez (en investigaci\u00f3n).<\/li><li>1 de Villa gobernador G\u00e1lvez (en investigaci\u00f3n).<\/li><li>1 de Coronda (en investigaci\u00f3n).<\/li><li>1 de San Justo (en investigaci\u00f3n).<\/li><li>1 de Roldan (en investigaci\u00f3n).<\/li><\/ul>\n\n\n\n<p><strong>Casos totales confirmados<\/strong><\/p>\n\n\n\n<p><strong>El total de casos desde el comienzo de la pandemia a la fecha es 2275.<\/strong>De esos casos, 2251 fueron atendidos y estudiados en la provincia, 24fuera de la misma, pero de pacientes con residencia habitual en Santa Fe (7 en CABA,8 en provincia de Buenos Aires, 3 de Salta,2 en Mendoza, 1 estudiado en Chaco, 1 estudiado en C\u00f3rdoba, 1 en San Juan y 1 estudiado en Jujuy).De los 2251casos confirmados y notificados en la Provincia de Santa Fe un total de 128 (6%) casos manifestaron antecedente de viaje al exterior, 8 (1%) casos tuvieron contacto con personas con extranjeros o antecedente de viaje al extranjero, 1151 (50%) casos tuvieron contacto con casos confirmados, 56 (3%) casos tuvieron viaje a zonas con circulaci\u00f3n, 4 (1%) casos son por transmisi\u00f3n comunitaria y 904(40%) casos se encuentran en investigaci\u00f3n.<\/p>\n\n\n\n<p><strong>Fallecidos<\/strong><\/p>\n\n\n\n<p>En el d\u00eda de la fecha se informa el fallecimiento de una persona de 66 a\u00f1os, con m\u00faltiples comorbilidades, oriunda de la localidad de San Lorenzo.<\/p>\n\n\n\n<p>Con este paciente se registran un total de veinticuatro(24) fallecidos para la provincia.<\/p>\n\n\n\n<p><strong>Internados<\/strong><\/p>\n\n\n\n<p>Veintitr\u00e9s(23) pacientes se encuentran internados en cuidados intensivos: 9 con asistencia respiratoria mec\u00e1nica y 14 sin asistencia respiratoria mec\u00e1nica.<\/p>\n\n\n\n<p>Setenta y nueve (79) pacientes se encuentran internados en sala general.<\/p>\n\n\n\n<p>Los dem\u00e1s casos confirmados presentan una evoluci\u00f3n favorable.<\/p>\n\n\n\n<p><strong>Recuperados<\/strong><\/p>\n\n\n\n<p>Hay un total de 1.385 pacientes recuperados.<\/p>\n\n\n\n<p><strong>Notificaciones<\/strong><\/p>\n\n\n\n<p>En la provincia se registraron 25.464 notificaciones de las cuales 22.211 fueron descartadas.<\/p>\n","protected":false},"excerpt":{"rendered":"<p>Informe actualizado al lunes 10 de agosto a las 19hs. El Ministerio de Salud de Santa Fe, a trav\u00e9s de la Direcci\u00f3n Provincial de Epidemiolog\u00eda, informa a la poblaci\u00f3n que en el d\u00eda de la fecha&nbsp;se han confirmado 143 casos nuevos de COVID-19, en el territorio provincial. Casos nuevos confirmados Los casos nuevos corresponden a <a href=\"https:\/\/armstrongyregion.com.ar\/diario\/situacion-epidemiologica-de-la-provincia-de-santa-fe-en-relacion-al-coronavirus-12\/\" title=\"Read more\" >&#8230;<\/a><\/p>\n","protected":false},"author":1,"featured_media":26712,"comment_status":"open","ping_status":"open","sticky":false,"template":"","format":"image","meta":{"_jetpack_memberships_contains_paid_content":false,"footnotes":"","jetpack_publicize_message":"","jetpack_publicize_feature_enabled":true,"jetpack_social_post_already_shared":true,"jetpack_social_options":{"image_generator_settings":{"template":"highway","default_image_id":0,"enabled":false},"version":2}},"categories":[8,1,2,7,3],"tags":[],"class_list":["post-26735","post","type-post","status-publish","format-image","has-post-thumbnail","hentry","category-deliberando","category-diario-armstrong","category-locales","category-politica","category-region","post_format-post-format-image"],"jetpack_publicize_connections":[],"jetpack_featured_media_url":"https:\/\/armstrongyregion.com.ar\/diario\/wp-content\/uploads\/2020\/08\/covid-santa-fe-1.jpg","jetpack_shortlink":"https:\/\/wp.me\/p62QDO-6Xd","jetpack_sharing_enabled":true,"amp_enabled":true,"_links":{"self":[{"href":"https:\/\/armstrongyregion.com.ar\/diario\/wp-json\/wp\/v2\/posts\/26735","targetHints":{"allow":["GET"]}}],"collection":[{"href":"https:\/\/armstrongyregion.com.ar\/diario\/wp-json\/wp\/v2\/posts"}],"about":[{"href":"https:\/\/armstrongyregion.com.ar\/diario\/wp-json\/wp\/v2\/types\/post"}],"author":[{"embeddable":true,"href":"https:\/\/armstrongyregion.com.ar\/diario\/wp-json\/wp\/v2\/users\/1"}],"replies":[{"embeddable":true,"href":"https:\/\/armstrongyregion.com.ar\/diario\/wp-json\/wp\/v2\/comments?post=26735"}],"version-history":[{"count":1,"href":"https:\/\/armstrongyregion.com.ar\/diario\/wp-json\/wp\/v2\/posts\/26735\/revisions"}],"predecessor-version":[{"id":26736,"href":"https:\/\/armstrongyregion.com.ar\/diario\/wp-json\/wp\/v2\/posts\/26735\/revisions\/26736"}],"wp:featuredmedia":[{"embeddable":true,"href":"https:\/\/armstrongyregion.com.ar\/diario\/wp-json\/wp\/v2\/media\/26712"}],"wp:attachment":[{"href":"https:\/\/armstrongyregion.com.ar\/diario\/wp-json\/wp\/v2\/media?parent=26735"}],"wp:term":[{"taxonomy":"category","embeddable":true,"href":"https:\/\/armstrongyregion.com.ar\/diario\/wp-json\/wp\/v2\/categories?post=26735"},{"taxonomy":"post_tag","embeddable":true,"href":"https:\/\/armstrongyregion.com.ar\/diario\/wp-json\/wp\/v2\/tags?post=26735"}],"curies":[{"name":"wp","href":"https:\/\/api.w.org\/{rel}","templated":true}]}}