{"id":2667,"date":"2015-06-15T15:48:23","date_gmt":"2015-06-15T15:48:23","guid":{"rendered":"https:\/\/armstrongyregion.com.ar\/diario\/?p=2667"},"modified":"2015-06-15T15:48:23","modified_gmt":"2015-06-15T15:48:23","slug":"dolor-y-tratamientos-por-dra-fernanda-serrano","status":"publish","type":"post","link":"https:\/\/armstrongyregion.com.ar\/diario\/dolor-y-tratamientos-por-dra-fernanda-serrano\/","title":{"rendered":"Dolor y tratamientos. Por Dra. Fernanda Serrano."},"content":{"rendered":"<p><a href=\"http:\/\/armstrongyregion.com.ar\/diario\/wp-content\/uploads\/2015\/06\/DSC_0600.jpg\"><img loading=\"lazy\" decoding=\"async\" class=\"alignnone size-medium wp-image-2668\" src=\"http:\/\/armstrongyregion.com.ar\/diario\/wp-content\/uploads\/2015\/06\/DSC_0600-300x200.jpg\" alt=\"Dra. Fernanda Serrano\" width=\"300\" height=\"200\" srcset=\"https:\/\/armstrongyregion.com.ar\/diario\/wp-content\/uploads\/2015\/06\/DSC_0600-300x200.jpg 300w, https:\/\/armstrongyregion.com.ar\/diario\/wp-content\/uploads\/2015\/06\/DSC_0600-1024x682.jpg 1024w\" sizes=\"auto, (max-width: 300px) 100vw, 300px\" \/><\/a>La Escalera an\u00e1lgesica de la Organizaci\u00f3n Mundial de la Salud (OMS), tambi\u00e9n denominada &#8216;Escalera del dolor de la OMS&#8217;, o simplemente &#8216;Escalera analg\u00e9sica&#8217;, es una expresi\u00f3n original acu\u00f1ada en el a\u00f1o 1984 en Ginebra y publicada en 1986 por la Organizaci\u00f3n Mundial de la Salud (OMS) , para describir un m\u00e9todo o protocolo de tratamiento y control del dolor en el c\u00e1ncer. No debe confundirse con las escalas de dolor que se utilizan para conocer el grado y evoluci\u00f3n del dolor.<br \/>\nEl dolor es \u00edntimo, pero est\u00e1 impregnado de materia social, cultural, y es fruto de una educaci\u00f3n. No hay dolor sin sufrimiento Todas estas consideraciones y otras sobre el dolor, llevaron a la IASP (Asociaci\u00f3n Internacional para el Estudio del Dolor) a definir el dolor como: \u201cUna experiencia emocional sensorial displacentera, relacionada con da\u00f1o real o potencial a los tejidos descrito en t\u00e9rminos de la misma\u201d. Algunos autores agregan \u201cSin remedio disponible para alterar su causa o manifestaciones, una enfermedad en si misma\u00bb; \u201cnecesaria para la conservaci\u00f3n de la vida\u201d<br \/>\nEl dolor es una manifestaci\u00f3n ambigua del organismo. Por ejemplo, la mayor\u00eda de las enfermedades graves se instalan en nosotros sin previo aviso. Cuando llega el dolor, ya es demasiado tarde. El dolor quiebra la unidad vital del hombre, que tan evidente resulta cuando goza de buena salud, y confiando sus fuerzas, olvida las ra\u00edces f\u00edsicas de su existencia, cuando ning\u00fan obst\u00e1culo se interpone entre sus proyectos y el mundo. El dolor no se mantiene fijo en la duraci\u00f3n, var\u00eda de intensidad seg\u00fan modalidades que parecen caprichosas, desigual de una hora o un d\u00eda para el otro.<br \/>\nEl Dolor Agudo es transitorio y en general de corta duraci\u00f3n. Dolor Cr\u00f3nico es aquel que dura m\u00e1s de 6 meses. Aunque el dolor presenta b\u00e1sicamente un significado biol\u00f3gico orientado a la detecci\u00f3n, de alguna anomal\u00eda org\u00e1nica relacionada con el da\u00f1o de los tejidos, no siempre hay proporci\u00f3n entre la magnitud de la lesi\u00f3n y la intensidad del dolor percibido. Presenta pues una gran variabilidad que va a estar determinada por una serie de circunstancias personales y del entorno familiar y sociocultural del sujeto. De ah\u00ed la importancia que para el tratamiento del dolor, especialmente del dolor cr\u00f3nico, tiene no solo la aplicaci\u00f3n de una buena terap\u00e9utica farmacol\u00f3gica, sino la elecci\u00f3n de una estrategia adecuada dirigida a modificar ciertos aspectos relacionados con la actitud del paciente frente al dolor.<br \/>\nDra. Fernanda Serrano.<br \/>\nEspecialista en Tratamiento del Dolor.<\/p>\n","protected":false},"excerpt":{"rendered":"<p>La Escalera an\u00e1lgesica de la Organizaci\u00f3n Mundial de la Salud (OMS), tambi\u00e9n denominada &#8216;Escalera del dolor de la OMS&#8217;, o simplemente &#8216;Escalera analg\u00e9sica&#8217;, es una expresi\u00f3n original acu\u00f1ada en el a\u00f1o 1984 en Ginebra y publicada en 1986 por la Organizaci\u00f3n Mundial de la Salud (OMS) , para describir un m\u00e9todo o protocolo de tratamiento <a href=\"https:\/\/armstrongyregion.com.ar\/diario\/dolor-y-tratamientos-por-dra-fernanda-serrano\/\" title=\"Read more\" >&#8230;<\/a><\/p>\n","protected":false},"author":2,"featured_media":2668,"comment_status":"open","ping_status":"open","sticky":false,"template":"","format":"standard","meta":{"_jetpack_memberships_contains_paid_content":false,"footnotes":"","jetpack_publicize_message":"","jetpack_publicize_feature_enabled":true,"jetpack_social_post_already_shared":false,"jetpack_social_options":{"image_generator_settings":{"template":"highway","default_image_id":0,"enabled":false},"version":2}},"categories":[1,2,4],"tags":[1998,1613,1999,60,2000,1805,13],"class_list":["post-2667","post","type-post","status-publish","format-standard","has-post-thumbnail","hentry","category-diario-armstrong","category-locales","category-prevencion-salud","tag-dolor","tag-dra","tag-fernanda","tag-por","tag-serrano","tag-tratamientos","tag-y"],"jetpack_publicize_connections":[],"jetpack_featured_media_url":"https:\/\/armstrongyregion.com.ar\/diario\/wp-content\/uploads\/2015\/06\/DSC_0600.jpg","jetpack_shortlink":"https:\/\/wp.me\/p62QDO-H1","jetpack_sharing_enabled":true,"amp_enabled":true,"_links":{"self":[{"href":"https:\/\/armstrongyregion.com.ar\/diario\/wp-json\/wp\/v2\/posts\/2667","targetHints":{"allow":["GET"]}}],"collection":[{"href":"https:\/\/armstrongyregion.com.ar\/diario\/wp-json\/wp\/v2\/posts"}],"about":[{"href":"https:\/\/armstrongyregion.com.ar\/diario\/wp-json\/wp\/v2\/types\/post"}],"author":[{"embeddable":true,"href":"https:\/\/armstrongyregion.com.ar\/diario\/wp-json\/wp\/v2\/users\/2"}],"replies":[{"embeddable":true,"href":"https:\/\/armstrongyregion.com.ar\/diario\/wp-json\/wp\/v2\/comments?post=2667"}],"version-history":[{"count":0,"href":"https:\/\/armstrongyregion.com.ar\/diario\/wp-json\/wp\/v2\/posts\/2667\/revisions"}],"wp:featuredmedia":[{"embeddable":true,"href":"https:\/\/armstrongyregion.com.ar\/diario\/wp-json\/wp\/v2\/media\/2668"}],"wp:attachment":[{"href":"https:\/\/armstrongyregion.com.ar\/diario\/wp-json\/wp\/v2\/media?parent=2667"}],"wp:term":[{"taxonomy":"category","embeddable":true,"href":"https:\/\/armstrongyregion.com.ar\/diario\/wp-json\/wp\/v2\/categories?post=2667"},{"taxonomy":"post_tag","embeddable":true,"href":"https:\/\/armstrongyregion.com.ar\/diario\/wp-json\/wp\/v2\/tags?post=2667"}],"curies":[{"name":"wp","href":"https:\/\/api.w.org\/{rel}","templated":true}]}}