{"id":26648,"date":"2020-08-06T13:31:32","date_gmt":"2020-08-06T13:31:32","guid":{"rendered":"https:\/\/armstrongyregion.com.ar\/diario\/?p=26648"},"modified":"2020-08-06T13:31:38","modified_gmt":"2020-08-06T13:31:38","slug":"lifschitz-queremos-que-se-investigue-a-fondo-y-dar-una-senal-a-la-ciudadania","status":"publish","type":"post","link":"https:\/\/armstrongyregion.com.ar\/diario\/lifschitz-queremos-que-se-investigue-a-fondo-y-dar-una-senal-a-la-ciudadania\/","title":{"rendered":"Lifschitz; \u00abQueremos que se investigue a fondo y dar una se\u00f1al a la ciudadania\u00bb."},"content":{"rendered":"\n<figure class=\"wp-block-image size-large\"><img loading=\"lazy\" decoding=\"async\" width=\"640\" height=\"427\" src=\"http:\/\/armstrongyregion.com.ar\/diario\/wp-content\/uploads\/2020\/08\/INg.-Lifschitz.jpg\" alt=\"\" class=\"wp-image-26649\" srcset=\"https:\/\/armstrongyregion.com.ar\/diario\/wp-content\/uploads\/2020\/08\/INg.-Lifschitz.jpg 640w, https:\/\/armstrongyregion.com.ar\/diario\/wp-content\/uploads\/2020\/08\/INg.-Lifschitz-300x200.jpg 300w\" sizes=\"auto, (max-width: 640px) 100vw, 640px\" \/><\/figure>\n\n\n\n<p>\n\n_El presidente de la C\u00e1mara de Diputados impulsar\u00e1 la creaci\u00f3n de una comisi\u00f3n investigadora integrada por todas las fuerzas que la componen. Solicit\u00f3 a la vicegobernadora \u201cque convoque a la brevedad\u201d a sesi\u00f3n conjunta con el Senado para tratar la suspensi\u00f3n de Ponce Asahad._<br>El presidente de la C\u00e1mara de Diputados, Miguel Lifschitz, impulsar\u00e1 la creaci\u00f3n de una comisi\u00f3n investigadora de los hechos de p\u00fablico conocimiento que involucran a dos fiscales del Ministerio P\u00fablico de la Acusaci\u00f3n (MPA) \u2013Patricio Serjal y Gustavo Ponce Asahad- en la presunta extorsi\u00f3n y cobro de coimas a una persona vinculada al juego clandestino.&nbsp;&nbsp;<br>\u201cDesde el Frente Progresista queremos apoyar y acompa\u00f1ar la tarea que est\u00e1 llevando adelante el MPA y a los fiscales que pusieron en marcha este proceso y que son un orgullo para los santafesinos por la valent\u00eda y el coraje con que llevan estas y otras causas vinculadas a los delitos m\u00e1s resonantes ocurridos en los \u00faltimos a\u00f1os\u201d, sostuvo Lifschitz al anunciar la propuesta.&nbsp;<br>Al mismo tiempo, inst\u00f3 a la vicegobernadora Alejandra Rodenas \u201ca que convoque a la brevedad, tal como lo solicit\u00f3 la Comisi\u00f3n de Acuerdos de la Legislatura, una sesi\u00f3n conjunta de ambas c\u00e1maras para tratar la moci\u00f3n de suspensi\u00f3n por 180 del fiscal Ponce Asahad\u201d, aprobada el d\u00eda lunes.<br>El titular de Diputados propondr\u00e1 la creaci\u00f3n de una comisi\u00f3n investigadora como la conformada para el caso Vicent\u00edn, \u201cen esta oportunidad, para que se investigue a fondo y de manera exhaustiva todos los elementos que existen en la causa iniciada por el MPA, agregar otros y colaborar con los fiscales\u201d.<br>Seg\u00fan explic\u00f3 Lifschitz, la intenci\u00f3n es \u201ccontribuir desde la C\u00e1mara de Diputados para que se esclarezca esta situaci\u00f3n y se llegue hasta sus \u00faltimas consecuencias. Es la se\u00f1al que queremos darle a la ciudadan\u00eda\u201d.&nbsp;<br>Con ese objetivo, la iniciativa busca que \u201ctoda la sociedad civil y las organizaciones que est\u00e9n de alguna manera vinculadas con la transparencia o est\u00e9n interesadas en la institucionalidad de la provincia puedan participar, estar informadas, acceder a los avances de la causa, que podamos dilucidar otras complicidades, otros v\u00ednculos que aparentemente estos dos fiscales ten\u00edan en otros \u00e1mbitos y que pudieran haber sido parte de esta actividad delictiva, en forma de protecci\u00f3n o garant\u00eda de impunidad. No queremos que nada de esto quede oculto, sino contribuir desde&nbsp;nuestro lugar para avanzar los m\u00e1s posible en esta investigaci\u00f3n\u201d, afirm\u00f3.&nbsp;&nbsp;<br>*AVANCE EXTRAORDINARIO*<br>Lifschitz tambi\u00e9n se refiri\u00f3 a la transformaci\u00f3n que supuso la implementaci\u00f3n del nuevo c\u00f3digo procesal en la provincia de Santa Fe en 2014 y consider\u00f3 que \u201cla creaci\u00f3n del Ministerio P\u00fablico de la Acusaci\u00f3n y del Servicio P\u00fablico de la Defensa, luego de varios a\u00f1os de discusi\u00f3n de las leyes y procedimientos; y de la selecci\u00f3n de jueces, fiscales y defensores, represent\u00f3 un extraordinario avance en materia de justicia penal\u201d.&nbsp;<br>\u201cSon muy pocas las provincias argentinas que han avanzado en la modernizaci\u00f3n de la justicia penal y a nivel nacional todav\u00eda no se pudo poner en marcha el sistema acusatorio, que est\u00e1 pendiente desde hace muchos a\u00f1os\u201d, remarc\u00f3.<br>\u201cDurante los gobiernos del Frente Progresista \u2013rememor\u00f3 Lifschitz- no solo se avanz\u00f3 en la consolidaci\u00f3n de dicho sistema, sino en la puesta en marcha del Organismo de Investigaciones del MPA, un cuerpo profesional de investigadores que depende directamente de las fiscal\u00edas y que permiti\u00f3 avanzar sobre las principales organizaciones delictivas que operaban en el territorio santafesino\u201d.&nbsp;<br>\u201cTambi\u00e9n en este caso ha permitido echar luz sobre un hecho de presunta corrupci\u00f3n cometido por un fiscal de grado y un fiscal regional que estar\u00edan involucrados en maniobras de extorsi\u00f3n y exacciones ilegales a un pseudo empresario del juego ilegal u otras actividades\u201d, valor\u00f3.<br>\u201cCreemos que es muy importante \u2013asegur\u00f3- porque probablemente hechos de esta naturaleza hayan ocurrido antes y hayan quedado ocultos. Hoy est\u00e1n abiertas las posibilidades para denunciar estos casos y contamos con instrumentos para avanzar en su investigaci\u00f3n y esto es lo que hicieron los fiscales que pusieron en marcha este proceso\u201d.<br><\/p>\n","protected":false},"excerpt":{"rendered":"<p>_El presidente de la C\u00e1mara de Diputados impulsar\u00e1 la creaci\u00f3n de una comisi\u00f3n investigadora integrada por todas las fuerzas que la componen. Solicit\u00f3 a la vicegobernadora \u201cque convoque a la brevedad\u201d a sesi\u00f3n conjunta con el Senado para tratar la suspensi\u00f3n de Ponce Asahad._El presidente de la C\u00e1mara de Diputados, Miguel Lifschitz, impulsar\u00e1 la creaci\u00f3n <a href=\"https:\/\/armstrongyregion.com.ar\/diario\/lifschitz-queremos-que-se-investigue-a-fondo-y-dar-una-senal-a-la-ciudadania\/\" title=\"Read more\" >&#8230;<\/a><\/p>\n","protected":false},"author":1,"featured_media":26649,"comment_status":"open","ping_status":"open","sticky":false,"template":"","format":"image","meta":{"_jetpack_memberships_contains_paid_content":false,"footnotes":"","jetpack_publicize_message":"","jetpack_publicize_feature_enabled":true,"jetpack_social_post_already_shared":true,"jetpack_social_options":{"image_generator_settings":{"template":"highway","default_image_id":0,"enabled":false},"version":2}},"categories":[8,1,2,7,3],"tags":[],"class_list":["post-26648","post","type-post","status-publish","format-image","has-post-thumbnail","hentry","category-deliberando","category-diario-armstrong","category-locales","category-politica","category-region","post_format-post-format-image"],"jetpack_publicize_connections":[],"jetpack_featured_media_url":"https:\/\/armstrongyregion.com.ar\/diario\/wp-content\/uploads\/2020\/08\/INg.-Lifschitz.jpg","jetpack_shortlink":"https:\/\/wp.me\/p62QDO-6VO","jetpack_sharing_enabled":true,"amp_enabled":true,"_links":{"self":[{"href":"https:\/\/armstrongyregion.com.ar\/diario\/wp-json\/wp\/v2\/posts\/26648","targetHints":{"allow":["GET"]}}],"collection":[{"href":"https:\/\/armstrongyregion.com.ar\/diario\/wp-json\/wp\/v2\/posts"}],"about":[{"href":"https:\/\/armstrongyregion.com.ar\/diario\/wp-json\/wp\/v2\/types\/post"}],"author":[{"embeddable":true,"href":"https:\/\/armstrongyregion.com.ar\/diario\/wp-json\/wp\/v2\/users\/1"}],"replies":[{"embeddable":true,"href":"https:\/\/armstrongyregion.com.ar\/diario\/wp-json\/wp\/v2\/comments?post=26648"}],"version-history":[{"count":1,"href":"https:\/\/armstrongyregion.com.ar\/diario\/wp-json\/wp\/v2\/posts\/26648\/revisions"}],"predecessor-version":[{"id":26650,"href":"https:\/\/armstrongyregion.com.ar\/diario\/wp-json\/wp\/v2\/posts\/26648\/revisions\/26650"}],"wp:featuredmedia":[{"embeddable":true,"href":"https:\/\/armstrongyregion.com.ar\/diario\/wp-json\/wp\/v2\/media\/26649"}],"wp:attachment":[{"href":"https:\/\/armstrongyregion.com.ar\/diario\/wp-json\/wp\/v2\/media?parent=26648"}],"wp:term":[{"taxonomy":"category","embeddable":true,"href":"https:\/\/armstrongyregion.com.ar\/diario\/wp-json\/wp\/v2\/categories?post=26648"},{"taxonomy":"post_tag","embeddable":true,"href":"https:\/\/armstrongyregion.com.ar\/diario\/wp-json\/wp\/v2\/tags?post=26648"}],"curies":[{"name":"wp","href":"https:\/\/api.w.org\/{rel}","templated":true}]}}