{"id":2664,"date":"2015-06-15T14:14:39","date_gmt":"2015-06-15T14:14:39","guid":{"rendered":"https:\/\/armstrongyregion.com.ar\/diario\/?p=2664"},"modified":"2015-06-15T14:14:39","modified_gmt":"2015-06-15T14:14:39","slug":"dia-del-bioquimico-por-que-se-celebra-el-15-de-junio","status":"publish","type":"post","link":"https:\/\/armstrongyregion.com.ar\/diario\/dia-del-bioquimico-por-que-se-celebra-el-15-de-junio\/","title":{"rendered":"D\u00eda del Bioqu\u00edmico: \u00bfPor qu\u00e9 se celebra el 15 de junio?."},"content":{"rendered":"<p><a href=\"http:\/\/armstrongyregion.com.ar\/diario\/wp-content\/uploads\/2015\/06\/bioquimico.jpg\"><img loading=\"lazy\" decoding=\"async\" class=\"alignnone size-full wp-image-2665\" src=\"http:\/\/armstrongyregion.com.ar\/diario\/wp-content\/uploads\/2015\/06\/bioquimico.jpg\" alt=\"bioquimico\" width=\"300\" height=\"134\" \/><\/a>El 15 de junio se celebra en Argentina el D\u00eda del Bioqu\u00edmico , en memoria del nacimiento del Dr. Juan Antonio S\u00e1nchez , quien fue el creador de la Carrera de Bioqu\u00edmica de la Universidad de Buenos Aires (UBA).<\/p>\n<p>La bioqu\u00edmica, como profesi\u00f3n, naci\u00f3 en Argentina como una necesidad de establecer una estrecha correlaci\u00f3n entre los estudios m\u00e9dicos, fisiol\u00f3gicos y qu\u00edmico biol\u00f3gicos, ya que en su momento estaban absorbidas por las carreras de Medicina y Farmacia, siendo la bioqu\u00edmica una rama de la qu\u00edmica que estudia la estructura y funci\u00f3n de los componentes qu\u00edmicos espec\u00edficos de los seres vivos, que tiene aplicaci\u00f3n en una enorme variedad de \u00e1reas, desde la gen\u00e9tica a la biolog\u00eda molecular, pasando por la agricultura a la medicina.<\/p>\n<p>Un poco de historia.<\/p>\n<p>El entonces consejero por la Escuela de Farmacia de la Facultad de Ciencias M\u00e9dicas de la Universidad de Buenos Aires (UBA), Dr. Juan Antonio S\u00e1nchez -Farmac\u00e9utico, doctor en Qu\u00edmica y profesor de Qu\u00edmica Anal\u00edtica de Medicamentos- present\u00f3 el 3 de noviembre de 1919 su proyecto de Plan de Estudios para la creaci\u00f3n de la carrera de Doctorado en Bioqu\u00edmica y Farmacia, como un perfeccionamiento de la carrera de Farmacia. Este proyecto tuvo el acompa\u00f1amiento de otro consejero y distinguido acad\u00e9mico y profesor, el m\u00e9dico Dr. Osvaldo Loudet.<\/p>\n<p>Lo novedoso de la propuesta de S\u00e1nchez fue proyectar una carrera \u00edntegramente cursada en la Facultad de Ciencias M\u00e9dicas, que estableciera la estrecha correlaci\u00f3n entre los estudios m\u00e9dicos, fisiol\u00f3gicos y qu\u00edmicos biol\u00f3gicos y fuera m\u00e1s all\u00e1 del curso de postgrado de doctor en Farmacia, que no satisfac\u00eda las necesidades de la comunidad, ni del avance cient\u00edfico de la medicina que ya exig\u00eda otra profesi\u00f3n.<\/p>\n<p>Finalmente, el 28 de noviembre de ese mismo a\u00f1o se aprueba y nace la profesi\u00f3n de Bioqu\u00edmico , siendo los primeros egresados la promoci\u00f3n 1921-22 con el t\u00edtulo de doctores en Bioqu\u00edmica y Farmacia.<\/p>\n<p>Adem\u00e1s, en 1961 se instituye el D\u00eda del Bioqu\u00edmico como el 15 de junio , por las entidades gremiales bioqu\u00edmicas, en conmemoraci\u00f3n al nacimiento del Dr. Juan Antonio S\u00e1nchez.<\/p>\n","protected":false},"excerpt":{"rendered":"<p>El 15 de junio se celebra en Argentina el D\u00eda del Bioqu\u00edmico , en memoria del nacimiento del Dr. Juan Antonio S\u00e1nchez , quien fue el creador de la Carrera de Bioqu\u00edmica de la Universidad de Buenos Aires (UBA). La bioqu\u00edmica, como profesi\u00f3n, naci\u00f3 en Argentina como una necesidad de establecer una estrecha correlaci\u00f3n entre <a href=\"https:\/\/armstrongyregion.com.ar\/diario\/dia-del-bioquimico-por-que-se-celebra-el-15-de-junio\/\" title=\"Read more\" >&#8230;<\/a><\/p>\n","protected":false},"author":2,"featured_media":2665,"comment_status":"open","ping_status":"open","sticky":false,"template":"","format":"standard","meta":{"_jetpack_memberships_contains_paid_content":false,"footnotes":"","jetpack_publicize_message":"","jetpack_publicize_feature_enabled":true,"jetpack_social_post_already_shared":false,"jetpack_social_options":{"image_generator_settings":{"template":"highway","default_image_id":0,"enabled":false},"version":2}},"categories":[1,2,4],"tags":[1158,1996,1997,19,53,793,16,1889,60,108,86],"class_list":["post-2664","post","type-post","status-publish","format-standard","has-post-thumbnail","hentry","category-diario-armstrong","category-locales","category-prevencion-salud","tag-1158","tag-bioquimico","tag-celebra","tag-de","tag-del","tag-dia","tag-el","tag-junio","tag-por","tag-que","tag-se"],"jetpack_publicize_connections":[],"jetpack_featured_media_url":"https:\/\/armstrongyregion.com.ar\/diario\/wp-content\/uploads\/2015\/06\/bioquimico.jpg","jetpack_shortlink":"https:\/\/wp.me\/p62QDO-GY","jetpack_sharing_enabled":true,"amp_enabled":true,"_links":{"self":[{"href":"https:\/\/armstrongyregion.com.ar\/diario\/wp-json\/wp\/v2\/posts\/2664","targetHints":{"allow":["GET"]}}],"collection":[{"href":"https:\/\/armstrongyregion.com.ar\/diario\/wp-json\/wp\/v2\/posts"}],"about":[{"href":"https:\/\/armstrongyregion.com.ar\/diario\/wp-json\/wp\/v2\/types\/post"}],"author":[{"embeddable":true,"href":"https:\/\/armstrongyregion.com.ar\/diario\/wp-json\/wp\/v2\/users\/2"}],"replies":[{"embeddable":true,"href":"https:\/\/armstrongyregion.com.ar\/diario\/wp-json\/wp\/v2\/comments?post=2664"}],"version-history":[{"count":0,"href":"https:\/\/armstrongyregion.com.ar\/diario\/wp-json\/wp\/v2\/posts\/2664\/revisions"}],"wp:featuredmedia":[{"embeddable":true,"href":"https:\/\/armstrongyregion.com.ar\/diario\/wp-json\/wp\/v2\/media\/2665"}],"wp:attachment":[{"href":"https:\/\/armstrongyregion.com.ar\/diario\/wp-json\/wp\/v2\/media?parent=2664"}],"wp:term":[{"taxonomy":"category","embeddable":true,"href":"https:\/\/armstrongyregion.com.ar\/diario\/wp-json\/wp\/v2\/categories?post=2664"},{"taxonomy":"post_tag","embeddable":true,"href":"https:\/\/armstrongyregion.com.ar\/diario\/wp-json\/wp\/v2\/tags?post=2664"}],"curies":[{"name":"wp","href":"https:\/\/api.w.org\/{rel}","templated":true}]}}