{"id":26578,"date":"2020-08-02T20:01:11","date_gmt":"2020-08-02T20:01:11","guid":{"rendered":"https:\/\/armstrongyregion.com.ar\/diario\/?p=26578"},"modified":"2020-08-02T20:01:15","modified_gmt":"2020-08-02T20:01:15","slug":"26-localidades-de-santa-fe-participan-de-un-seminario-de-educacion-energetica-y-ambiental","status":"publish","type":"post","link":"https:\/\/armstrongyregion.com.ar\/diario\/26-localidades-de-santa-fe-participan-de-un-seminario-de-educacion-energetica-y-ambiental\/","title":{"rendered":"26 localidades de Santa Fe participan de un seminario de educaci\u00f3n energ\u00e9tica y ambiental"},"content":{"rendered":"\n<figure class=\"wp-block-image size-large\"><img loading=\"lazy\" decoding=\"async\" width=\"570\" height=\"320\" src=\"http:\/\/armstrongyregion.com.ar\/diario\/wp-content\/uploads\/2020\/08\/ambiente-pcial.jpg\" alt=\"\" class=\"wp-image-26579\" srcset=\"https:\/\/armstrongyregion.com.ar\/diario\/wp-content\/uploads\/2020\/08\/ambiente-pcial.jpg 570w, https:\/\/armstrongyregion.com.ar\/diario\/wp-content\/uploads\/2020\/08\/ambiente-pcial-300x168.jpg 300w\" sizes=\"auto, (max-width: 570px) 100vw, 570px\" \/><\/figure>\n\n\n\n<h2 class=\"wp-block-heading\"> A trav\u00e9s de una gesti\u00f3n del gobierno provincial, se suman a la estrategia nacional que busca concretar programas locales de educaci\u00f3n energ\u00e9tica. <\/h2>\n\n\n\n<p>\n\nCon el objetivo de avanzar en la promoci\u00f3n del uso racional y eficiente de la energ\u00eda, 26 municipios y comunas de la provincia participaron del lanzamiento del Seminario de pol\u00edticas p\u00fablicas de educaci\u00f3n para la sustentabilidad energ\u00e9tica del 2020.La actividad, destinada a equipos t\u00e9cnicos responsables de la estrategia de educaci\u00f3n ambiental en municipios y comunas, forma parte de las tareas conjuntas del Ministerio de Ambiente y Cambio Clim\u00e1tico de Santa Fe con la Secretar\u00eda de Energ\u00eda del Ministerio de Desarrollo Productivo de la Naci\u00f3n.&nbsp;Se trata de una instancia formativa en tem\u00e1ticas de energ\u00eda, ambiente y educaci\u00f3n. Con el objetivo de dise\u00f1ar y profundizar las acciones de educaci\u00f3n para&nbsp;&nbsp;la sustentabilidad que se desarrollen localmente.&nbsp;Entre sus principales objetivos se incluyen formar equipos t\u00e9cnicos de las carteras de educaci\u00f3n, energ\u00eda y ambiente de las provincias, dejando capacidad instalada para el desarrollo de programas locales de educaci\u00f3n en eficiencia energ\u00e9tica; y formar docentes en tem\u00e1ticas de eficiencia energ\u00e9tica, energ\u00eda y ambiente y uso responsable de la energ\u00eda.Participan Acebal, Arroyo Seco, Arruf\u00f3, Calchaqu\u00ed, Ca\u00f1ada de G\u00f3mez, Casilda, Centeno, El Tr\u00e9bol, Emilia, Fray Luis Beltr\u00e1n, Funes, G\u00e1lvez, General Lagos, Llambi Campbell, Pav\u00f3n, Pav\u00f3n Arriba, P\u00e9rez, Rafaela, Ramona, Reconquista, Rold\u00e1n, San Mart\u00edn Norte, Santa Rosa de Calchines, Villa Eloisa, Villa Guillermina e Ibarlucea.\n\n<\/p>\n","protected":false},"excerpt":{"rendered":"<p>A trav\u00e9s de una gesti\u00f3n del gobierno provincial, se suman a la estrategia nacional que busca concretar programas locales de educaci\u00f3n energ\u00e9tica. Con el objetivo de avanzar en la promoci\u00f3n del uso racional y eficiente de la energ\u00eda, 26 municipios y comunas de la provincia participaron del lanzamiento del Seminario de pol\u00edticas p\u00fablicas de educaci\u00f3n <a href=\"https:\/\/armstrongyregion.com.ar\/diario\/26-localidades-de-santa-fe-participan-de-un-seminario-de-educacion-energetica-y-ambiental\/\" title=\"Read more\" >&#8230;<\/a><\/p>\n","protected":false},"author":1,"featured_media":26579,"comment_status":"open","ping_status":"open","sticky":false,"template":"","format":"image","meta":{"_jetpack_memberships_contains_paid_content":false,"footnotes":"","jetpack_publicize_message":"","jetpack_publicize_feature_enabled":true,"jetpack_social_post_already_shared":true,"jetpack_social_options":{"image_generator_settings":{"template":"highway","default_image_id":0,"enabled":false},"version":2}},"categories":[8,2,7,3],"tags":[],"class_list":["post-26578","post","type-post","status-publish","format-image","has-post-thumbnail","hentry","category-deliberando","category-locales","category-politica","category-region","post_format-post-format-image"],"jetpack_publicize_connections":[],"jetpack_featured_media_url":"https:\/\/armstrongyregion.com.ar\/diario\/wp-content\/uploads\/2020\/08\/ambiente-pcial.jpg","jetpack_shortlink":"https:\/\/wp.me\/p62QDO-6UG","jetpack_sharing_enabled":true,"amp_enabled":true,"_links":{"self":[{"href":"https:\/\/armstrongyregion.com.ar\/diario\/wp-json\/wp\/v2\/posts\/26578","targetHints":{"allow":["GET"]}}],"collection":[{"href":"https:\/\/armstrongyregion.com.ar\/diario\/wp-json\/wp\/v2\/posts"}],"about":[{"href":"https:\/\/armstrongyregion.com.ar\/diario\/wp-json\/wp\/v2\/types\/post"}],"author":[{"embeddable":true,"href":"https:\/\/armstrongyregion.com.ar\/diario\/wp-json\/wp\/v2\/users\/1"}],"replies":[{"embeddable":true,"href":"https:\/\/armstrongyregion.com.ar\/diario\/wp-json\/wp\/v2\/comments?post=26578"}],"version-history":[{"count":1,"href":"https:\/\/armstrongyregion.com.ar\/diario\/wp-json\/wp\/v2\/posts\/26578\/revisions"}],"predecessor-version":[{"id":26580,"href":"https:\/\/armstrongyregion.com.ar\/diario\/wp-json\/wp\/v2\/posts\/26578\/revisions\/26580"}],"wp:featuredmedia":[{"embeddable":true,"href":"https:\/\/armstrongyregion.com.ar\/diario\/wp-json\/wp\/v2\/media\/26579"}],"wp:attachment":[{"href":"https:\/\/armstrongyregion.com.ar\/diario\/wp-json\/wp\/v2\/media?parent=26578"}],"wp:term":[{"taxonomy":"category","embeddable":true,"href":"https:\/\/armstrongyregion.com.ar\/diario\/wp-json\/wp\/v2\/categories?post=26578"},{"taxonomy":"post_tag","embeddable":true,"href":"https:\/\/armstrongyregion.com.ar\/diario\/wp-json\/wp\/v2\/tags?post=26578"}],"curies":[{"name":"wp","href":"https:\/\/api.w.org\/{rel}","templated":true}]}}