{"id":26558,"date":"2020-07-31T13:48:28","date_gmt":"2020-07-31T13:48:28","guid":{"rendered":"https:\/\/armstrongyregion.com.ar\/diario\/?p=26558"},"modified":"2020-07-31T13:48:31","modified_gmt":"2020-07-31T13:48:31","slug":"lifschitz-hay-que-volver-a-poner-lo-social-como-eje-de-la-politica-provincial","status":"publish","type":"post","link":"https:\/\/armstrongyregion.com.ar\/diario\/lifschitz-hay-que-volver-a-poner-lo-social-como-eje-de-la-politica-provincial\/","title":{"rendered":"*Lifschitz: \u00abHay que volver a poner lo social como eje de la pol\u00edtica provincial\u00bb*"},"content":{"rendered":"\n<figure class=\"wp-block-image size-large\"><img loading=\"lazy\" decoding=\"async\" width=\"540\" height=\"304\" src=\"http:\/\/armstrongyregion.com.ar\/diario\/wp-content\/uploads\/2020\/07\/IMG-20200731-WA0016.jpg\" alt=\"\" class=\"wp-image-26559\" srcset=\"https:\/\/armstrongyregion.com.ar\/diario\/wp-content\/uploads\/2020\/07\/IMG-20200731-WA0016.jpg 540w, https:\/\/armstrongyregion.com.ar\/diario\/wp-content\/uploads\/2020\/07\/IMG-20200731-WA0016-300x169.jpg 300w\" sizes=\"auto, (max-width: 540px) 100vw, 540px\" \/><\/figure>\n\n\n\n<p>\n\nLa C\u00e1mara de Diputadas y Diputados de Santa Fe dio media sanci\u00f3n a la ley del Programa Nueva Oportunidad. El presidente del cuerpo expres\u00f3 su preocupaci\u00f3n porque \u201cel gobierno actual todav\u00eda no ha puesto en marcha ninguna iniciativa, y las y los j\u00f3venes siguen sin contenci\u00f3n\u201d._<br>La C\u00e1mara de Diputados y Diputadas de Santa Fe dio media sanci\u00f3n al proyecto para convertir en ley el abordaje integral de la realidad de los j\u00f3venes en situaci\u00f3n de alta vulnerabilidad social, con la intervenci\u00f3n del Estado provincial, municipal, organizaciones e instituciones sociales, y que rescata la experiencia del programa Nueva Oportunidad desarrollado en la provincia entre 2016 y 2019. Es una iniciativa que contempla el acompa\u00f1amiento de los chicos y las chicas durante un trayecto de capacitaci\u00f3n de modo que, ya sea a trav\u00e9s del trabajo, la educaci\u00f3n, el deporte o la cultura, puedan integrarse socialmente y construir un proyecto de vida.&nbsp;<br>\u201cHoy hemos aprobado una ley muy importante\u201d, se\u00f1al\u00f3 el presidente de la C\u00e1mara baja, Miguel Lifschitz, finalizada la sesi\u00f3n. La iniciativa cont\u00f3 con el apoyo del bloque mayoritario del FPCyS, y tambi\u00e9n de los diputados de Igualdad, Frente Renovador 100% Santafesino, y Frente Social y Popular.&nbsp;<br>\u201cEste es un programa que implementamos durante mi gobierno, que fue exitoso, creci\u00f3 a\u00f1o a a\u00f1o, y que est\u00e1 muy valorado por los protagonistas, que son los y las j\u00f3venes que han participado del mismo. Tambi\u00e9n por las instituciones sociales, que han sido fundamentales en el abordaje de este programa, y por los que tuvieron el rol de acompa\u00f1antes, una figura muy importante en el desarrollo del programa\u201d, describi\u00f3.&nbsp;<br>En la oportunidad, Lifschitz tambi\u00e9n expres\u00f3 su \u201cpreocupaci\u00f3n porque el gobierno actual no dice nada sobre este programa, anuncia permanentemente que est\u00e1 estudiando nuevas iniciativas que todav\u00eda no ha puesto en marcha. El tiempo pasa \u2013advirti\u00f3-, y las y los j\u00f3venes est\u00e1n en los barrios, en las esquinas, hoy sin asistir a las escuelas, y sin la contenci\u00f3n de este programa que nos parece fundamental\u201d.&nbsp;<br>\u201cMientras tanto \u2013continu\u00f3-, vemos el crecimiento de la violencia, de la conflictividad social, a los y las j\u00f3venes que a veces son v\u00edctimas y otras, victimarios. No creemos que la soluci\u00f3n sea solamente la polic\u00eda o la justicia penal. Creemos que gran parte de la soluci\u00f3n, como lo demostramos durante nuestra gesti\u00f3n, tiene que ver con una herramienta como la que hoy votamos\u201d.<br>\u201cHemos incorporado toda esa experiencia concreta que se fue sumando a\u00f1o tras a\u00f1o en este proyecto y esperamos que el Senado r\u00e1pidamente lo convierta en ley\u201d, confi\u00f3 Lifschitz. \u201cEs una de las herramientas m\u00e1s innovadoras en materia de pol\u00edticas sociales que se ha desarrollado en nuestra provincia y en el pa\u00eds y, por lo tanto, estamos convencidos de que es un aporte muy importante que estamos haciendo al gobierno y a los y las j\u00f3venes porque queremos que sea una pol\u00edtica de Estado, m\u00e1s all\u00e1 del cambio de gobierno es fundamental abordar la cuesti\u00f3n social y m\u00e1s en el momento que estamos atravesando\u201d.&nbsp;&nbsp;<br>Al respecto, la diputada Lionella Cattalini (FPCyS-Socialistas) record\u00f3 que el programa que la Municipalidad de Rosario inici\u00f3 en 2013 en el barrio Ludue\u00f1a, con la participaci\u00f3n de 300 j\u00f3venes y luego se replic\u00f3 a nivel provincial. \u201cEs un programa que se propuso acompa\u00f1ar a los j\u00f3venes para que encuentren una trayectoria de vida y no terminen en el camino del delito. El ejemplo del complejo habitacional de Grandoli y Guti\u00e9rrez, uno de los m\u00e1s estigmatizados de Rosario, muestra como con el Nueva Oportunidad, el Plan Abre, adem\u00e1s de obras de infraestructura, la realidad cambi\u00f3 y los niveles de violencia disminuyeron\u201d, asegur\u00f3.<br>\u201cValoramos el di\u00e1logo con el oficialismo acerca de la propuesta y las sugerencias del Ejecutivo. El problema es que nunca llega el momento para tratar este tipo de proyectos y mientras seguimos discutiendo, los j\u00f3venes siguen siendo las principales v\u00edctimas de la violencia. Por eso, hoy no solo es una prioridad, sino una urgencia aprobar esta herramienta\u201d, concluy\u00f3 la legisladora.<br>El proyecto para convertir en ley al Programa Nueva Oportunidad fue enviado a la Legislatura en septiembre de 2019 por el entonces gobernador Lifschitz. Solamente durante ese a\u00f1o participaron 17.800 j\u00f3venes de 28 localidades.\n\n<\/p>\n","protected":false},"excerpt":{"rendered":"<p>La C\u00e1mara de Diputadas y Diputados de Santa Fe dio media sanci\u00f3n a la ley del Programa Nueva Oportunidad. El presidente del cuerpo expres\u00f3 su preocupaci\u00f3n porque \u201cel gobierno actual todav\u00eda no ha puesto en marcha ninguna iniciativa, y las y los j\u00f3venes siguen sin contenci\u00f3n\u201d._La C\u00e1mara de Diputados y Diputadas de Santa Fe dio <a href=\"https:\/\/armstrongyregion.com.ar\/diario\/lifschitz-hay-que-volver-a-poner-lo-social-como-eje-de-la-politica-provincial\/\" title=\"Read more\" >&#8230;<\/a><\/p>\n","protected":false},"author":1,"featured_media":26559,"comment_status":"open","ping_status":"open","sticky":false,"template":"","format":"image","meta":{"_jetpack_memberships_contains_paid_content":false,"footnotes":"","jetpack_publicize_message":"","jetpack_publicize_feature_enabled":true,"jetpack_social_post_already_shared":true,"jetpack_social_options":{"image_generator_settings":{"template":"highway","default_image_id":0,"enabled":false},"version":2}},"categories":[8,1,2,7,3],"tags":[],"class_list":["post-26558","post","type-post","status-publish","format-image","has-post-thumbnail","hentry","category-deliberando","category-diario-armstrong","category-locales","category-politica","category-region","post_format-post-format-image"],"jetpack_publicize_connections":[],"jetpack_featured_media_url":"https:\/\/armstrongyregion.com.ar\/diario\/wp-content\/uploads\/2020\/07\/IMG-20200731-WA0016.jpg","jetpack_shortlink":"https:\/\/wp.me\/p62QDO-6Um","jetpack_sharing_enabled":true,"amp_enabled":true,"_links":{"self":[{"href":"https:\/\/armstrongyregion.com.ar\/diario\/wp-json\/wp\/v2\/posts\/26558","targetHints":{"allow":["GET"]}}],"collection":[{"href":"https:\/\/armstrongyregion.com.ar\/diario\/wp-json\/wp\/v2\/posts"}],"about":[{"href":"https:\/\/armstrongyregion.com.ar\/diario\/wp-json\/wp\/v2\/types\/post"}],"author":[{"embeddable":true,"href":"https:\/\/armstrongyregion.com.ar\/diario\/wp-json\/wp\/v2\/users\/1"}],"replies":[{"embeddable":true,"href":"https:\/\/armstrongyregion.com.ar\/diario\/wp-json\/wp\/v2\/comments?post=26558"}],"version-history":[{"count":1,"href":"https:\/\/armstrongyregion.com.ar\/diario\/wp-json\/wp\/v2\/posts\/26558\/revisions"}],"predecessor-version":[{"id":26560,"href":"https:\/\/armstrongyregion.com.ar\/diario\/wp-json\/wp\/v2\/posts\/26558\/revisions\/26560"}],"wp:featuredmedia":[{"embeddable":true,"href":"https:\/\/armstrongyregion.com.ar\/diario\/wp-json\/wp\/v2\/media\/26559"}],"wp:attachment":[{"href":"https:\/\/armstrongyregion.com.ar\/diario\/wp-json\/wp\/v2\/media?parent=26558"}],"wp:term":[{"taxonomy":"category","embeddable":true,"href":"https:\/\/armstrongyregion.com.ar\/diario\/wp-json\/wp\/v2\/categories?post=26558"},{"taxonomy":"post_tag","embeddable":true,"href":"https:\/\/armstrongyregion.com.ar\/diario\/wp-json\/wp\/v2\/tags?post=26558"}],"curies":[{"name":"wp","href":"https:\/\/api.w.org\/{rel}","templated":true}]}}