{"id":26555,"date":"2020-07-30T22:45:34","date_gmt":"2020-07-30T22:45:34","guid":{"rendered":"https:\/\/armstrongyregion.com.ar\/diario\/?p=26555"},"modified":"2020-07-30T22:45:38","modified_gmt":"2020-07-30T22:45:38","slug":"transparencia-diputados-y-diputadas-dan-media-sancion-a-la-ley-de-acceso-a-la-informacion-publica","status":"publish","type":"post","link":"https:\/\/armstrongyregion.com.ar\/diario\/transparencia-diputados-y-diputadas-dan-media-sancion-a-la-ley-de-acceso-a-la-informacion-publica\/","title":{"rendered":"*Transparencia: Diputados y diputadas dan media sanci\u00f3n a la ley de acceso a la informaci\u00f3n p\u00fablica*"},"content":{"rendered":"\n<figure class=\"wp-block-image size-large\"><img loading=\"lazy\" decoding=\"async\" width=\"427\" height=\"297\" src=\"http:\/\/armstrongyregion.com.ar\/diario\/wp-content\/uploads\/2020\/07\/IMG-20200730-WA0186.jpg\" alt=\"\" class=\"wp-image-26556\" srcset=\"https:\/\/armstrongyregion.com.ar\/diario\/wp-content\/uploads\/2020\/07\/IMG-20200730-WA0186.jpg 427w, https:\/\/armstrongyregion.com.ar\/diario\/wp-content\/uploads\/2020\/07\/IMG-20200730-WA0186-300x209.jpg 300w\" sizes=\"auto, (max-width: 427px) 100vw, 427px\" \/><\/figure>\n\n\n\n<p>\n\nLa iniciativa sintetiza proyectos presentados por Clara Garc\u00eda, Gabriel Real y Rub\u00e9n Giustiniani. \u201cEn momentos de emergencia como el que estamos atravesando, es cuando m\u00e1s debemos prestar atenci\u00f3n a la transparencia en la gesti\u00f3n p\u00fablica\u201d, afirman._<br>La C\u00e1mara de Diputados y Diputadas de Santa Fe dio media sanci\u00f3n a un proyecto de ley para garantizar el derecho al libre acceso a la informaci\u00f3n p\u00fablica y promover la transparencia activa en los \u00f3rganos del Estado. La iniciativa sintetiz\u00f3 tres proyectos en el mismo sentido presentados por la legisladora Clara Garc\u00eda (Socialistas-FPCYS) y los legisladores Gabriel Real (PDP-FPCYS) y Rub\u00e9n Giustiniani (Igualdad).&nbsp;<br>La propuesta establece principios fundamentales en materia de transparencia, garantizando el derecho de todas las personas a solicitar, acceder y recibir informaci\u00f3n del Estado sin necesidad de precisar los motivos, y obliga a proporcionarla de forma gratuita y accesible. A su vez, exige al Estado que fije mecanismos de transparencia activa, esto es, publicar una serie de informaciones m\u00ednimas sobre temas trascendentes: normas, autoridades, remuneraciones, licitaciones, movimientos presupuestarios, auditor\u00edas, tr\u00e1mites, sentencias, entre otros. Asimismo, prev\u00e9 dar mayor apertura a los procesos administrativos y brindar capacitaci\u00f3n a quienes deben garantizar la informaci\u00f3n p\u00fablica, incluyendo sanciones para quienes, teniendo la obligaci\u00f3n, incumplan lo estipulado por la norma.<br>\u201cLa transparencia es siempre indispensable en la gesti\u00f3n p\u00fablica, y m\u00e1s a\u00fan cuando en situaciones de emergencia como la que estamos atravesando, muchas compras y contrataciones se hacen de manera directa, o con procedimientos abreviados, sin licitaciones ni publicaciones en el bolet\u00edn oficial. Hoy la tecnolog\u00eda permite acceder a informaci\u00f3n virtual, completa y detallada, dando a\u00fan m\u00e1s herramientas para hacer efectiva la transparencia\u201d, destac\u00f3 la diputada Clara Garc\u00eda.&nbsp;<br>Adem\u00e1s de los tres poderes del Estado -Ejecutivo, Legislativo y Judicial-, est\u00e1n incluidos los organismos o entes de la Administraci\u00f3n P\u00fablica; las municipalidades, sus entes aut\u00e1rquicos o descentralizados y las comunas; la Defensor\u00eda del Pueblo, Tribunal de Cuentas y el Ministerio P\u00fablico; entes estatales aut\u00e1rquicos; empresas y sociedades del Estado, entre otras.<br>Gabriel Real (PDP), tambi\u00e9n integrante del Frente Progresista, C\u00edvico y Social, se esperanz\u00f3 en que el paso dado en la C\u00e1mara de Diputados y Diputadas al aprobar el proyecto signifique \u201cavanzar definitivamente hacia la sanci\u00f3n en el Senado de esta ley que con la de hoy alcanza 8 medias sanciones de manera consecutiva\u201d. Y agreg\u00f3: \u201cEl mundo hoy ya no discute el acceso a la informaci\u00f3n p\u00fablica, sino que lo lleva adelante porque ofrece transparencia y claridad sobre los asuntos que involucran a los poderes Ejecutivo, Legislativo y Judicial\u201d.<\/p>\n\n\n\n<p>Clara Garc\u00eda, en tanto, record\u00f3 que el libre acceso a la informaci\u00f3n p\u00fablica es \u201cun derecho que debe consagrarse por ley, porque junto a la transparencia activa son garant\u00edas ciudadanas que se dan por sentado en las democracias modernas, que est\u00e1n fuera de discusi\u00f3n desde hace ya mucho tiempo.&nbsp; A mayor acceso a la informaci\u00f3n, mayor y m\u00e1s vibrante es la participaci\u00f3n democr\u00e1tica\u201d.&nbsp;<br>\u201cCuando asumi\u00f3 el ex gobernador Hermes Binner \u2013record\u00f3 la diputada\u2013, dict\u00f3 un decreto de acceso libre a la informaci\u00f3n p\u00fablica que s\u00f3lo obligaba al Ejecutivo, pero represent\u00f3 un primer paso y, sin dudas, marc\u00f3 la direcci\u00f3n hacia la que se quer\u00eda avanzar. Esperamos que esta vez podamos ir m\u00e1s all\u00e1 y sancionar una ley para toda la administraci\u00f3n y los poderes del Estado\u201d. En 2018, la C\u00e1mara de Diputados hab\u00eda dado media sanci\u00f3n a una ley en este sentido a partir de una iniciativa del ex gobernador Miguel Lifschitz, pero que no prosper\u00f3 en el Senado y perdi\u00f3 estado parlamentario.<br>\u201cCuanto mayor y m\u00e1s detallada es la informaci\u00f3n, cuando la ciudadan\u00eda puede acceder de manera m\u00e1s \u00e1gil a los datos y hay mayor control, menores son las posibilidades de actos discrecionales, arbitrarios o de corrupci\u00f3n. Sabemos que hay una fuerte demanda social sobre la necesidad de transparentar la actividad p\u00fablica. Entonces, adem\u00e1s de dar esa respuesta, esta ley ayudar\u00e1 a promover la cercan\u00eda y la confianza entre ciudadanos y ciudadanas y quienes ejercemos cada uno de los cargos p\u00fablicos\u201d, finaliz\u00f3 Clara Garc\u00eda.\n\n<\/p>\n","protected":false},"excerpt":{"rendered":"<p>La iniciativa sintetiza proyectos presentados por Clara Garc\u00eda, Gabriel Real y Rub\u00e9n Giustiniani. \u201cEn momentos de emergencia como el que estamos atravesando, es cuando m\u00e1s debemos prestar atenci\u00f3n a la transparencia en la gesti\u00f3n p\u00fablica\u201d, afirman._La C\u00e1mara de Diputados y Diputadas de Santa Fe dio media sanci\u00f3n a un proyecto de ley para garantizar el <a href=\"https:\/\/armstrongyregion.com.ar\/diario\/transparencia-diputados-y-diputadas-dan-media-sancion-a-la-ley-de-acceso-a-la-informacion-publica\/\" title=\"Read more\" >&#8230;<\/a><\/p>\n","protected":false},"author":1,"featured_media":26556,"comment_status":"open","ping_status":"open","sticky":false,"template":"","format":"image","meta":{"_jetpack_memberships_contains_paid_content":false,"footnotes":"","jetpack_publicize_message":"","jetpack_publicize_feature_enabled":true,"jetpack_social_post_already_shared":true,"jetpack_social_options":{"image_generator_settings":{"template":"highway","default_image_id":0,"enabled":false},"version":2}},"categories":[8,1,2,7,3],"tags":[],"class_list":["post-26555","post","type-post","status-publish","format-image","has-post-thumbnail","hentry","category-deliberando","category-diario-armstrong","category-locales","category-politica","category-region","post_format-post-format-image"],"jetpack_publicize_connections":[],"jetpack_featured_media_url":"https:\/\/armstrongyregion.com.ar\/diario\/wp-content\/uploads\/2020\/07\/IMG-20200730-WA0186.jpg","jetpack_shortlink":"https:\/\/wp.me\/p62QDO-6Uj","jetpack_sharing_enabled":true,"amp_enabled":true,"_links":{"self":[{"href":"https:\/\/armstrongyregion.com.ar\/diario\/wp-json\/wp\/v2\/posts\/26555","targetHints":{"allow":["GET"]}}],"collection":[{"href":"https:\/\/armstrongyregion.com.ar\/diario\/wp-json\/wp\/v2\/posts"}],"about":[{"href":"https:\/\/armstrongyregion.com.ar\/diario\/wp-json\/wp\/v2\/types\/post"}],"author":[{"embeddable":true,"href":"https:\/\/armstrongyregion.com.ar\/diario\/wp-json\/wp\/v2\/users\/1"}],"replies":[{"embeddable":true,"href":"https:\/\/armstrongyregion.com.ar\/diario\/wp-json\/wp\/v2\/comments?post=26555"}],"version-history":[{"count":1,"href":"https:\/\/armstrongyregion.com.ar\/diario\/wp-json\/wp\/v2\/posts\/26555\/revisions"}],"predecessor-version":[{"id":26557,"href":"https:\/\/armstrongyregion.com.ar\/diario\/wp-json\/wp\/v2\/posts\/26555\/revisions\/26557"}],"wp:featuredmedia":[{"embeddable":true,"href":"https:\/\/armstrongyregion.com.ar\/diario\/wp-json\/wp\/v2\/media\/26556"}],"wp:attachment":[{"href":"https:\/\/armstrongyregion.com.ar\/diario\/wp-json\/wp\/v2\/media?parent=26555"}],"wp:term":[{"taxonomy":"category","embeddable":true,"href":"https:\/\/armstrongyregion.com.ar\/diario\/wp-json\/wp\/v2\/categories?post=26555"},{"taxonomy":"post_tag","embeddable":true,"href":"https:\/\/armstrongyregion.com.ar\/diario\/wp-json\/wp\/v2\/tags?post=26555"}],"curies":[{"name":"wp","href":"https:\/\/api.w.org\/{rel}","templated":true}]}}