{"id":26542,"date":"2020-07-30T01:09:25","date_gmt":"2020-07-30T01:09:25","guid":{"rendered":"https:\/\/armstrongyregion.com.ar\/diario\/?p=26542"},"modified":"2020-07-30T01:12:24","modified_gmt":"2020-07-30T01:12:24","slug":"alejandro-pertusati-una-injusticia-mas-de-una-justicia-enferma","status":"publish","type":"post","link":"https:\/\/armstrongyregion.com.ar\/diario\/alejandro-pertusati-una-injusticia-mas-de-una-justicia-enferma\/","title":{"rendered":"Alejandro Pertusati \u201cUna Injusticia m\u00e1s de una Justicia enferma\u201d."},"content":{"rendered":"\n<figure class=\"wp-block-image size-large\"><img decoding=\"async\" src=\"http:\/\/armstrongyregion.com.ar\/diario\/wp-content\/uploads\/2018\/05\/CSC_0048-1024x681.jpg\" alt=\"Concejal- Alejandro-Pertusati-\" class=\"wp-image-17114\"\/><\/figure>\n\n\n\n<p>\n\u201cDesde\nel Bloque del FPCyS adherimos al pedido de justicia por el brutal y\ncobarde homicidio de Julieta Del Pino, esta joven de 19 a\u00f1os oriunda\nde Berabev\u00fa que sali\u00f3 de su casa a trabajar y nunca m\u00e1s\nvolvi\u00f3\u201d.Expres\u00f3\nPertusati<\/p>\n\n\n\n<p>\nEl\nedil a\u00f1adi\u00f3: \u201cNo\nentendemos que est\u00e1 esperando la justicia para empezar a actuar ante\nla cantidad de femicidios que ocurren en nuestro pa\u00eds, hace unos\nd\u00edas atr\u00e1s en la ciudad de Reconquista Roci\u00f3 Vera de 14 a\u00f1os fue\nviolada en manada y asesinada, lamentablemente observamos que en\nciudades de gran tama\u00f1o esto parece haber tomado estado natural,\nmientras se sigue esperando respuestas de una justicia que sigue\nmirando para otro lado\u201d.<\/p>\n\n\n\n<p>\n\u201cJulieta\nfue estrangulada y muri\u00f3 por asfixia mec\u00e1nica seg\u00fan los datos de\nla autopsia y se sabe que estaba siendo acosada hac\u00eda ya tiempo por\nla persona que le puso fin a su vida. Pero parece que para la\njusticia nunca es suficiente prueba. Pero lo que m\u00e1s golpea es que\nocurri\u00f3 en un pueblo de 2500 habitantes, esto deja a las claras que\nnadie est\u00e1 a salvo y la verdad es que desespera, desespera ver que\ndesde hace 5 a\u00f1os a la fecha son m\u00e1s de 1500 femicidios en nuestro\npa\u00eds y lo escalofriante es que parece ser moneda corriente\u201d.<\/p>\n\n\n\n<p>\nSiguiendo\nla misma linea de discurso dijo: \u201cNos\nsumamos al pedido de justicia que se realiz\u00f3 el d\u00eda domingo en la\nPlaza \u201cNona Rocha por el grupo \u201cVOCES FEMINISTAS\u201d de nuestra\nciudad y compartimos su preocupaci\u00f3n y lucha, porque las queremos\nvivas y libres, libres de poder salir y volver, libres de vestirse\ncomo quieran, libres de tener las mismas oportunidades\u201d.<\/p>\n\n\n\n<p>\nEl\nconcejal remarc\u00f3; \u201cEs\nimportante que como sociedad nos comprometamos a denunciar a la\npolic\u00eda o al 144. En nuestra ciudad contamos con un AREA MUJER\ndentro de la Direcci\u00f3n de Promoci\u00f3n Comunitaria (490210\/490333),\npor eso es de suma importancia el espacio que se ofrece y la\nnecesidad de NO MIRAR PARA OTRO LADO cuando conocemos alg\u00fan caso\u201d.<\/p>\n\n\n\n<p>\n\u201cPara\nterminar quiero decir que la sociedad\ndebe unirse en un solo reclamo, el de justicia. Para ello es\nindispensable exigir se atienda con celeridad toda denuncia a efectos\nde proteger a las potenciales v\u00edctimas como as\u00ed tambi\u00e9n aplicar y\nhacer cumplir la pena correspondiente en caso de consumido el delito.\nHoy nos moviliza un nuevo femicidio y no es un n\u00famero m\u00e1s, es la\nvida de una chica que hoy deber\u00eda estar viva. A\u00f1os de mirar para el\ncostado y aceptar una cultura patriarcal que enferma a una sociedad,\na la que queremos m\u00e1s igualitaria y respetuosa de la vida. Queremos\nque esto no sea una locura m\u00e1s de un pa\u00eds que parece ciego ni una\ninjusticia m\u00e1s de una justicia que est\u00e1 enferma\u201d. Finaliz\u00f3.<\/p>\n","protected":false},"excerpt":{"rendered":"<p>\u201cDesde el Bloque del FPCyS adherimos al pedido de justicia por el brutal y cobarde homicidio de Julieta Del Pino, esta joven de 19 a\u00f1os oriunda de Berabev\u00fa que sali\u00f3 de su casa a trabajar y nunca m\u00e1s volvi\u00f3\u201d.Expres\u00f3 Pertusati El edil a\u00f1adi\u00f3: \u201cNo entendemos que est\u00e1 esperando la justicia para empezar a actuar ante <a href=\"https:\/\/armstrongyregion.com.ar\/diario\/alejandro-pertusati-una-injusticia-mas-de-una-justicia-enferma\/\" title=\"Read more\" >&#8230;<\/a><\/p>\n","protected":false},"author":1,"featured_media":0,"comment_status":"open","ping_status":"open","sticky":false,"template":"","format":"image","meta":{"_jetpack_memberships_contains_paid_content":false,"footnotes":"","jetpack_publicize_message":"","jetpack_publicize_feature_enabled":true,"jetpack_social_post_already_shared":true,"jetpack_social_options":{"image_generator_settings":{"template":"highway","default_image_id":0,"enabled":false},"version":2}},"categories":[6,8,1,2,7,4],"tags":[],"class_list":["post-26542","post","type-post","status-publish","format-image","hentry","category-cultura-entretenimiento","category-deliberando","category-diario-armstrong","category-locales","category-politica","category-prevencion-salud","post_format-post-format-image"],"jetpack_publicize_connections":[],"jetpack_featured_media_url":"","jetpack_shortlink":"https:\/\/wp.me\/p62QDO-6U6","jetpack_sharing_enabled":true,"amp_enabled":true,"_links":{"self":[{"href":"https:\/\/armstrongyregion.com.ar\/diario\/wp-json\/wp\/v2\/posts\/26542","targetHints":{"allow":["GET"]}}],"collection":[{"href":"https:\/\/armstrongyregion.com.ar\/diario\/wp-json\/wp\/v2\/posts"}],"about":[{"href":"https:\/\/armstrongyregion.com.ar\/diario\/wp-json\/wp\/v2\/types\/post"}],"author":[{"embeddable":true,"href":"https:\/\/armstrongyregion.com.ar\/diario\/wp-json\/wp\/v2\/users\/1"}],"replies":[{"embeddable":true,"href":"https:\/\/armstrongyregion.com.ar\/diario\/wp-json\/wp\/v2\/comments?post=26542"}],"version-history":[{"count":2,"href":"https:\/\/armstrongyregion.com.ar\/diario\/wp-json\/wp\/v2\/posts\/26542\/revisions"}],"predecessor-version":[{"id":26544,"href":"https:\/\/armstrongyregion.com.ar\/diario\/wp-json\/wp\/v2\/posts\/26542\/revisions\/26544"}],"wp:attachment":[{"href":"https:\/\/armstrongyregion.com.ar\/diario\/wp-json\/wp\/v2\/media?parent=26542"}],"wp:term":[{"taxonomy":"category","embeddable":true,"href":"https:\/\/armstrongyregion.com.ar\/diario\/wp-json\/wp\/v2\/categories?post=26542"},{"taxonomy":"post_tag","embeddable":true,"href":"https:\/\/armstrongyregion.com.ar\/diario\/wp-json\/wp\/v2\/tags?post=26542"}],"curies":[{"name":"wp","href":"https:\/\/api.w.org\/{rel}","templated":true}]}}