{"id":26522,"date":"2020-07-28T15:28:51","date_gmt":"2020-07-28T15:28:51","guid":{"rendered":"https:\/\/armstrongyregion.com.ar\/diario\/?p=26522"},"modified":"2020-07-28T15:28:54","modified_gmt":"2020-07-28T15:28:54","slug":"este-martes-en-deliberando-charla-extensa-con-la-intendenta-de-canada-de-gomez","status":"publish","type":"post","link":"https:\/\/armstrongyregion.com.ar\/diario\/este-martes-en-deliberando-charla-extensa-con-la-intendenta-de-canada-de-gomez\/","title":{"rendered":"Este martes en DELIBERANDO, charla extensa con la intendenta de Ca\u00f1ada de G\u00f3mez."},"content":{"rendered":"\n<figure class=\"wp-block-image size-large\"><img loading=\"lazy\" decoding=\"async\" width=\"512\" height=\"341\" src=\"http:\/\/armstrongyregion.com.ar\/diario\/wp-content\/uploads\/2020\/07\/Stella-Clerici.jpg\" alt=\"\" class=\"wp-image-26523\" srcset=\"https:\/\/armstrongyregion.com.ar\/diario\/wp-content\/uploads\/2020\/07\/Stella-Clerici.jpg 512w, https:\/\/armstrongyregion.com.ar\/diario\/wp-content\/uploads\/2020\/07\/Stella-Clerici-300x200.jpg 300w\" sizes=\"auto, (max-width: 512px) 100vw, 512px\" \/><\/figure>\n\n\n\n<p> Stella Clerici, repasa en el programa todo lo que vienen desarrollando en torno del \u00abcoronavirus\u00bb, y la forma como se viene trabajando en la ciudad para prevenir cualquier inconveniente. <\/p>\n\n\n\n<p>Con respecto a este tema destaco la labor que est\u00e1 realizando una empresa de esa ciudad buscando una medicaci\u00f3n para esta enfermedad.<\/p>\n\n\n\n<p> Sobre la propia actividad de su administraci\u00f3n detallo aportes realizados al Hospital San Jos\u00e9, su reuni\u00f3n con el gobernador y los proyectos para la producci\u00f3n de mezcla asf\u00e1ltica. <\/p>\n\n\n\n<p>Destac\u00f3 tambi\u00e9n la presencia de unidad m\u00f3vil de ANSES en la zona.Un tema de larga gesti\u00f3n es la vuelta del tren entre Ca\u00f1ada de G\u00f3mez y Rosario y sobre este tema tuvo reuniones con autoridades para analizar la concreci\u00f3n de este anhelo.<br>Todo este martes en DELIBERANDO con la conducci\u00f3n de la licenciada Graciela de la Casa y Oscar Crispino. <\/p>\n\n\n\n<p>Martes 21hs Por Cable Imagen Armstrong.<\/p>\n","protected":false},"excerpt":{"rendered":"<p>Stella Clerici, repasa en el programa todo lo que vienen desarrollando en torno del \u00abcoronavirus\u00bb, y la forma como se viene trabajando en la ciudad para prevenir cualquier inconveniente. Con respecto a este tema destaco la labor que est\u00e1 realizando una empresa de esa ciudad buscando una medicaci\u00f3n para esta enfermedad. Sobre la propia actividad <a href=\"https:\/\/armstrongyregion.com.ar\/diario\/este-martes-en-deliberando-charla-extensa-con-la-intendenta-de-canada-de-gomez\/\" title=\"Read more\" >&#8230;<\/a><\/p>\n","protected":false},"author":1,"featured_media":26523,"comment_status":"open","ping_status":"open","sticky":false,"template":"","format":"image","meta":{"_jetpack_memberships_contains_paid_content":false,"footnotes":"","jetpack_publicize_message":"","jetpack_publicize_feature_enabled":true,"jetpack_social_post_already_shared":true,"jetpack_social_options":{"image_generator_settings":{"template":"highway","default_image_id":0,"enabled":false},"version":2}},"categories":[8,1,2,7,3],"tags":[],"class_list":["post-26522","post","type-post","status-publish","format-image","has-post-thumbnail","hentry","category-deliberando","category-diario-armstrong","category-locales","category-politica","category-region","post_format-post-format-image"],"jetpack_publicize_connections":[],"jetpack_featured_media_url":"https:\/\/armstrongyregion.com.ar\/diario\/wp-content\/uploads\/2020\/07\/Stella-Clerici.jpg","jetpack_shortlink":"https:\/\/wp.me\/p62QDO-6TM","jetpack_sharing_enabled":true,"amp_enabled":true,"_links":{"self":[{"href":"https:\/\/armstrongyregion.com.ar\/diario\/wp-json\/wp\/v2\/posts\/26522","targetHints":{"allow":["GET"]}}],"collection":[{"href":"https:\/\/armstrongyregion.com.ar\/diario\/wp-json\/wp\/v2\/posts"}],"about":[{"href":"https:\/\/armstrongyregion.com.ar\/diario\/wp-json\/wp\/v2\/types\/post"}],"author":[{"embeddable":true,"href":"https:\/\/armstrongyregion.com.ar\/diario\/wp-json\/wp\/v2\/users\/1"}],"replies":[{"embeddable":true,"href":"https:\/\/armstrongyregion.com.ar\/diario\/wp-json\/wp\/v2\/comments?post=26522"}],"version-history":[{"count":1,"href":"https:\/\/armstrongyregion.com.ar\/diario\/wp-json\/wp\/v2\/posts\/26522\/revisions"}],"predecessor-version":[{"id":26524,"href":"https:\/\/armstrongyregion.com.ar\/diario\/wp-json\/wp\/v2\/posts\/26522\/revisions\/26524"}],"wp:featuredmedia":[{"embeddable":true,"href":"https:\/\/armstrongyregion.com.ar\/diario\/wp-json\/wp\/v2\/media\/26523"}],"wp:attachment":[{"href":"https:\/\/armstrongyregion.com.ar\/diario\/wp-json\/wp\/v2\/media?parent=26522"}],"wp:term":[{"taxonomy":"category","embeddable":true,"href":"https:\/\/armstrongyregion.com.ar\/diario\/wp-json\/wp\/v2\/categories?post=26522"},{"taxonomy":"post_tag","embeddable":true,"href":"https:\/\/armstrongyregion.com.ar\/diario\/wp-json\/wp\/v2\/tags?post=26522"}],"curies":[{"name":"wp","href":"https:\/\/api.w.org\/{rel}","templated":true}]}}