{"id":26515,"date":"2020-07-27T14:49:59","date_gmt":"2020-07-27T14:49:59","guid":{"rendered":"https:\/\/armstrongyregion.com.ar\/diario\/?p=26515"},"modified":"2020-07-27T14:51:33","modified_gmt":"2020-07-27T14:51:33","slug":"podologia-en-tiempos-de-covid-19-plantillas-y-pie-diabetico-por-monica-mendoza","status":"publish","type":"post","link":"https:\/\/armstrongyregion.com.ar\/diario\/podologia-en-tiempos-de-covid-19-plantillas-y-pie-diabetico-por-monica-mendoza\/","title":{"rendered":"Podolog\u00eda en tiempos de Covid-19, Plantillas y Pie Diabetico. Por M\u00f3nica Mendoza."},"content":{"rendered":"\n<figure class=\"wp-block-image size-large\"><img loading=\"lazy\" decoding=\"async\" width=\"960\" height=\"466\" src=\"http:\/\/armstrongyregion.com.ar\/diario\/wp-content\/uploads\/2020\/07\/Monica-Mendoza.jpg\" alt=\"\" class=\"wp-image-26516\" srcset=\"https:\/\/armstrongyregion.com.ar\/diario\/wp-content\/uploads\/2020\/07\/Monica-Mendoza.jpg 960w, https:\/\/armstrongyregion.com.ar\/diario\/wp-content\/uploads\/2020\/07\/Monica-Mendoza-300x146.jpg 300w, https:\/\/armstrongyregion.com.ar\/diario\/wp-content\/uploads\/2020\/07\/Monica-Mendoza-768x373.jpg 768w\" sizes=\"auto, (max-width: 960px) 100vw, 960px\" \/><\/figure>\n\n\n\n<p> En el dia de hoy, martes 27 de julio, vamos a hablar de Podologia en tiempos de Covid 19, como hay que asistir a la consulta y cual es el protocolo del profesional.<\/p>\n\n\n\n<p>\nTambi\u00e9n consultaremos  sobre\nplantillas y la profesional erradicara algunas dudas sobre pie\ndiabetico. \n<\/p>\n\n\n\n<h1 class=\"wp-block-heading\"> Personas con pie diab\u00e9tico no deben descuidar sus consultas m\u00e9dicas y podol\u00f3gicas pese a la pandemia de coronavirus.<\/h1>\n\n\n\n<p>\n&nbsp;Las\nmedidas de aislamiento social que trajo la pandemia\ndel&nbsp;<a href=\"https:\/\/www.debate.com.mx\/coronavirus-t704503\" target=\"_blank\" rel=\"noreferrer noopener\">coronavirus<\/a>&nbsp;han\nalertado a la poblaci\u00f3n; sin embargo, hay padecimientos que\nrequieren tratamiento m\u00e9dico continuo y donde es necesario seguir\ncon las curaciones y las valoraciones, como el pie diab\u00e9tico, abund\u00f3\nMonica\nMendoza. \n\n<\/p>\n\n\n\n<p> La especialista apunt\u00f3, de cara a la crisis sanitaria que se experimenta, que un paciente con\u00a0<a rel=\"noreferrer noopener\" href=\"https:\/\/www.debate.com.mx\/guamuchil\/El-pie-diabetico-es-una-enfermedad-poco-atendida-20191011-0133.html\" target=\"_blank\">pie diab\u00e9tico<\/a>\u00a0es recibido con todos los protocolos de higiene y protecci\u00f3n para \u00e9l y para el personal que lo atender\u00e1.<\/p>\n\n\n\n<p>Fuente: Programa Televisivo \u201cPrevenci\u00f3n y Salud\u201d.<\/p>\n\n\n\n<p>Podolog\u00eda en tiempos de Covid-19, Plantillas y Pie Diabetico.<\/p>\n\n\n\n<p> Por Pod\u00f3loga M\u00f3nica Mendoza.<\/p>\n\n\n\n<p>Lunes 27 de Julio 13,30hs. Por Cable Imagen Armstrong.<\/p>\n","protected":false},"excerpt":{"rendered":"<p>En el dia de hoy, martes 27 de julio, vamos a hablar de Podologia en tiempos de Covid 19, como hay que asistir a la consulta y cual es el protocolo del profesional. Tambi\u00e9n consultaremos sobre plantillas y la profesional erradicara algunas dudas sobre pie diabetico. Personas con pie diab\u00e9tico no deben descuidar sus consultas <a href=\"https:\/\/armstrongyregion.com.ar\/diario\/podologia-en-tiempos-de-covid-19-plantillas-y-pie-diabetico-por-monica-mendoza\/\" title=\"Read more\" >&#8230;<\/a><\/p>\n","protected":false},"author":1,"featured_media":26516,"comment_status":"open","ping_status":"open","sticky":false,"template":"","format":"image","meta":{"_jetpack_memberships_contains_paid_content":false,"footnotes":"","jetpack_publicize_message":"","jetpack_publicize_feature_enabled":true,"jetpack_social_post_already_shared":true,"jetpack_social_options":{"image_generator_settings":{"template":"highway","default_image_id":0,"enabled":false},"version":2}},"categories":[8,1,2,4,3],"tags":[],"class_list":["post-26515","post","type-post","status-publish","format-image","has-post-thumbnail","hentry","category-deliberando","category-diario-armstrong","category-locales","category-prevencion-salud","category-region","post_format-post-format-image"],"jetpack_publicize_connections":[],"jetpack_featured_media_url":"https:\/\/armstrongyregion.com.ar\/diario\/wp-content\/uploads\/2020\/07\/Monica-Mendoza.jpg","jetpack_shortlink":"https:\/\/wp.me\/p62QDO-6TF","jetpack_sharing_enabled":true,"amp_enabled":true,"_links":{"self":[{"href":"https:\/\/armstrongyregion.com.ar\/diario\/wp-json\/wp\/v2\/posts\/26515","targetHints":{"allow":["GET"]}}],"collection":[{"href":"https:\/\/armstrongyregion.com.ar\/diario\/wp-json\/wp\/v2\/posts"}],"about":[{"href":"https:\/\/armstrongyregion.com.ar\/diario\/wp-json\/wp\/v2\/types\/post"}],"author":[{"embeddable":true,"href":"https:\/\/armstrongyregion.com.ar\/diario\/wp-json\/wp\/v2\/users\/1"}],"replies":[{"embeddable":true,"href":"https:\/\/armstrongyregion.com.ar\/diario\/wp-json\/wp\/v2\/comments?post=26515"}],"version-history":[{"count":2,"href":"https:\/\/armstrongyregion.com.ar\/diario\/wp-json\/wp\/v2\/posts\/26515\/revisions"}],"predecessor-version":[{"id":26518,"href":"https:\/\/armstrongyregion.com.ar\/diario\/wp-json\/wp\/v2\/posts\/26515\/revisions\/26518"}],"wp:featuredmedia":[{"embeddable":true,"href":"https:\/\/armstrongyregion.com.ar\/diario\/wp-json\/wp\/v2\/media\/26516"}],"wp:attachment":[{"href":"https:\/\/armstrongyregion.com.ar\/diario\/wp-json\/wp\/v2\/media?parent=26515"}],"wp:term":[{"taxonomy":"category","embeddable":true,"href":"https:\/\/armstrongyregion.com.ar\/diario\/wp-json\/wp\/v2\/categories?post=26515"},{"taxonomy":"post_tag","embeddable":true,"href":"https:\/\/armstrongyregion.com.ar\/diario\/wp-json\/wp\/v2\/tags?post=26515"}],"curies":[{"name":"wp","href":"https:\/\/api.w.org\/{rel}","templated":true}]}}