{"id":26477,"date":"2020-07-23T01:12:09","date_gmt":"2020-07-23T01:12:09","guid":{"rendered":"https:\/\/armstrongyregion.com.ar\/diario\/?p=26477"},"modified":"2020-07-23T01:12:12","modified_gmt":"2020-07-23T01:12:12","slug":"situacion-epidemiologica-de-la-provincia-de-santa-fe-en-relacion-al-coronavirus-7","status":"publish","type":"post","link":"https:\/\/armstrongyregion.com.ar\/diario\/situacion-epidemiologica-de-la-provincia-de-santa-fe-en-relacion-al-coronavirus-7\/","title":{"rendered":"Situaci\u00f3n epidemiol\u00f3gica de la provincia de Santa Fe en relaci\u00f3n al coronavirus"},"content":{"rendered":"\n<figure class=\"wp-block-image size-large\"><img loading=\"lazy\" decoding=\"async\" width=\"451\" height=\"250\" src=\"http:\/\/armstrongyregion.com.ar\/diario\/wp-content\/uploads\/2020\/06\/covid-19-.png\" alt=\"\" class=\"wp-image-26235\" srcset=\"https:\/\/armstrongyregion.com.ar\/diario\/wp-content\/uploads\/2020\/06\/covid-19-.png 451w, https:\/\/armstrongyregion.com.ar\/diario\/wp-content\/uploads\/2020\/06\/covid-19--300x166.png 300w\" sizes=\"auto, (max-width: 451px) 100vw, 451px\" \/><\/figure>\n\n\n\n<h2 class=\"wp-block-heading\"> Informe actualizado al mi\u00e9rcoles 22 de julio a las 19hs. <\/h2>\n\n\n\n<p>\n\nEl Ministerio de Salud de Santa Fe, a trav\u00e9s de la Direcci\u00f3n Provincial de Epidemiolog\u00eda, informa a la poblaci\u00f3n que en el d\u00eda de la fecha&nbsp;<strong>se han confirmado 49 casos nuevos de COVID-19<\/strong>, en el territorio provincial.<\/p>\n\n\n\n<p><strong>Casos nuevos confirmados<\/strong><\/p>\n\n\n\n<p>Los casos nuevos corresponden a las localidades de:<\/p>\n\n\n\n<ul class=\"wp-block-list\"><li>31 de Rosario (19 contacto con caso confirmado y 12 en investigaci\u00f3n).<\/li><li>12 de Santa Isabel (contactos de casos confirmados).<\/li><li>2 de Zavalla (contactos con casos confirmados).<\/li><li>1 de Arteaga (contacto de casos confirmado).<\/li><li>1 de Casilda (en investigaci\u00f3n).<\/li><li>1 de San Jos\u00e9 de la Esquina (contacto de caso confirmado).<\/li><li>1 de Avellaneda (en investigaci\u00f3n, informado en otra jurisdicci\u00f3n).<\/li><\/ul>\n\n\n\n<p><strong>Casos totales confirmados<\/strong><\/p>\n\n\n\n<p><strong>El total de casos desde el comienzo de la pandemia a la fecha es 802.&nbsp;<\/strong>De esos casos, 784 fueron atendidos y estudiados en la provincia, 18 fuera de la misma, pero de pacientes con residencia habitual en Santa Fe (6 en provincia de Buenos Aires, 4 en CABA, 3 de Salta, 2 en Mendoza, 2 estudiado en Chaco y 1 estudiado en C\u00f3rdoba). De los 784 casos confirmados y notificados en la Provincia de Santa Fe un total de 128 (16%) casos manifestaron antecedente de viaje al exterior, 8 (1%) casos tuvieron contacto con personas con extranjeros o antecedente de viaje al extranjero, 514 (66%) casos tuvieron contacto con casos confirmados, 43 (5%) casos tuvieron viaje a Provincias con circulaci\u00f3n, 4 (1%) casos son por transmisi\u00f3n comunitaria y 87 (11%) casos se encuentran en investigaci\u00f3n.<\/p>\n\n\n\n<p><strong>Fallecidos<\/strong><\/p>\n\n\n\n<p>Hasta la fecha se registran un total de once (11) fallecidos para la provincia.<\/p>\n\n\n\n<p><strong>Internados<\/strong><\/p>\n\n\n\n<p>Dos (2) pacientes se encuentran internados en cuidados intensivos: 1 con asistencia respiratoria mec\u00e1nica y 1 sin asistencia respiratoria mec\u00e1nica.<\/p>\n\n\n\n<p>Treinta y dos (32) pacientes se encuentran internados en sala general.<\/p>\n\n\n\n<p>Los dem\u00e1s casos confirmados presentan una evoluci\u00f3n favorable.<\/p>\n\n\n\n<p><strong>Recuperados<\/strong><\/p>\n\n\n\n<p>Hay un total de 478 pacientes recuperados.<\/p>\n\n\n\n<p><strong>Notificaciones<\/strong><\/p>\n\n\n\n<p>En la provincia se registraron 18.438 notificaciones de las cuales 17.120 fueron descartadas.<\/p>\n","protected":false},"excerpt":{"rendered":"<p>Informe actualizado al mi\u00e9rcoles 22 de julio a las 19hs. El Ministerio de Salud de Santa Fe, a trav\u00e9s de la Direcci\u00f3n Provincial de Epidemiolog\u00eda, informa a la poblaci\u00f3n que en el d\u00eda de la fecha&nbsp;se han confirmado 49 casos nuevos de COVID-19, en el territorio provincial. Casos nuevos confirmados Los casos nuevos corresponden a <a href=\"https:\/\/armstrongyregion.com.ar\/diario\/situacion-epidemiologica-de-la-provincia-de-santa-fe-en-relacion-al-coronavirus-7\/\" title=\"Read more\" >&#8230;<\/a><\/p>\n","protected":false},"author":1,"featured_media":26235,"comment_status":"open","ping_status":"open","sticky":false,"template":"","format":"image","meta":{"_jetpack_memberships_contains_paid_content":false,"footnotes":"","jetpack_publicize_message":"","jetpack_publicize_feature_enabled":true,"jetpack_social_post_already_shared":true,"jetpack_social_options":{"image_generator_settings":{"template":"highway","default_image_id":0,"enabled":false},"version":2}},"categories":[8,1,2,7,4,3],"tags":[],"class_list":["post-26477","post","type-post","status-publish","format-image","has-post-thumbnail","hentry","category-deliberando","category-diario-armstrong","category-locales","category-politica","category-prevencion-salud","category-region","post_format-post-format-image"],"jetpack_publicize_connections":[],"jetpack_featured_media_url":"https:\/\/armstrongyregion.com.ar\/diario\/wp-content\/uploads\/2020\/06\/covid-19-.png","jetpack_shortlink":"https:\/\/wp.me\/p62QDO-6T3","jetpack_sharing_enabled":true,"amp_enabled":true,"_links":{"self":[{"href":"https:\/\/armstrongyregion.com.ar\/diario\/wp-json\/wp\/v2\/posts\/26477","targetHints":{"allow":["GET"]}}],"collection":[{"href":"https:\/\/armstrongyregion.com.ar\/diario\/wp-json\/wp\/v2\/posts"}],"about":[{"href":"https:\/\/armstrongyregion.com.ar\/diario\/wp-json\/wp\/v2\/types\/post"}],"author":[{"embeddable":true,"href":"https:\/\/armstrongyregion.com.ar\/diario\/wp-json\/wp\/v2\/users\/1"}],"replies":[{"embeddable":true,"href":"https:\/\/armstrongyregion.com.ar\/diario\/wp-json\/wp\/v2\/comments?post=26477"}],"version-history":[{"count":1,"href":"https:\/\/armstrongyregion.com.ar\/diario\/wp-json\/wp\/v2\/posts\/26477\/revisions"}],"predecessor-version":[{"id":26478,"href":"https:\/\/armstrongyregion.com.ar\/diario\/wp-json\/wp\/v2\/posts\/26477\/revisions\/26478"}],"wp:featuredmedia":[{"embeddable":true,"href":"https:\/\/armstrongyregion.com.ar\/diario\/wp-json\/wp\/v2\/media\/26235"}],"wp:attachment":[{"href":"https:\/\/armstrongyregion.com.ar\/diario\/wp-json\/wp\/v2\/media?parent=26477"}],"wp:term":[{"taxonomy":"category","embeddable":true,"href":"https:\/\/armstrongyregion.com.ar\/diario\/wp-json\/wp\/v2\/categories?post=26477"},{"taxonomy":"post_tag","embeddable":true,"href":"https:\/\/armstrongyregion.com.ar\/diario\/wp-json\/wp\/v2\/tags?post=26477"}],"curies":[{"name":"wp","href":"https:\/\/api.w.org\/{rel}","templated":true}]}}