{"id":26466,"date":"2020-07-22T14:28:58","date_gmt":"2020-07-22T14:28:58","guid":{"rendered":"https:\/\/armstrongyregion.com.ar\/diario\/?p=26466"},"modified":"2020-07-22T14:29:03","modified_gmt":"2020-07-22T14:29:03","slug":"positivo-de-una-persona-de-general-roca-que-trabaja-en-armstrong","status":"publish","type":"post","link":"https:\/\/armstrongyregion.com.ar\/diario\/positivo-de-una-persona-de-general-roca-que-trabaja-en-armstrong\/","title":{"rendered":"Positivo de una persona de General Roca que trabaja en Armstrong"},"content":{"rendered":"\n<figure class=\"wp-block-image size-large\"><img loading=\"lazy\" decoding=\"async\" width=\"772\" height=\"435\" src=\"http:\/\/armstrongyregion.com.ar\/diario\/wp-content\/uploads\/2019\/10\/armstrong.jpg\" alt=\"\" class=\"wp-image-23525\" srcset=\"https:\/\/armstrongyregion.com.ar\/diario\/wp-content\/uploads\/2019\/10\/armstrong.jpg 772w, https:\/\/armstrongyregion.com.ar\/diario\/wp-content\/uploads\/2019\/10\/armstrong-300x169.jpg 300w, https:\/\/armstrongyregion.com.ar\/diario\/wp-content\/uploads\/2019\/10\/armstrong-768x433.jpg 768w\" sizes=\"auto, (max-width: 772px) 100vw, 772px\" \/><\/figure>\n\n\n\n<p> Es empleado de una firma industrial de esta ciudad pero reside en General Roca. <\/p>\n\n\n\n<p>Desde la empresa se decidi\u00f3 realizar hisopados a los contactos considerados cercanos en su lugar de trabajo. <\/p>\n\n\n\n<p> El Comit\u00e9 de Emergencia Sanitaria de Armstrong confirm\u00f3 ayer un caso positivo de Covid-19 en una planta fabril de esa ciudad, correspondiente a un operario oriundo de General Roca.<br>De acuerdo al parte emitido por ese organismo, desde el sector m\u00e9dico se trabaja en conjunto con la empresa tomando las medidas que establecen los protocolos, y se aisl\u00f3 al grupo de contacto m\u00e1s estrecho. <\/p>\n","protected":false},"excerpt":{"rendered":"<p>Es empleado de una firma industrial de esta ciudad pero reside en General Roca. Desde la empresa se decidi\u00f3 realizar hisopados a los contactos considerados cercanos en su lugar de trabajo. El Comit\u00e9 de Emergencia Sanitaria de Armstrong confirm\u00f3 ayer un caso positivo de Covid-19 en una planta fabril de esa ciudad, correspondiente a un <a href=\"https:\/\/armstrongyregion.com.ar\/diario\/positivo-de-una-persona-de-general-roca-que-trabaja-en-armstrong\/\" title=\"Read more\" >&#8230;<\/a><\/p>\n","protected":false},"author":1,"featured_media":23525,"comment_status":"open","ping_status":"open","sticky":false,"template":"","format":"image","meta":{"_jetpack_memberships_contains_paid_content":false,"footnotes":"","jetpack_publicize_message":"","jetpack_publicize_feature_enabled":true,"jetpack_social_post_already_shared":true,"jetpack_social_options":{"image_generator_settings":{"template":"highway","default_image_id":0,"enabled":false},"version":2}},"categories":[8,1,2,7,3],"tags":[],"class_list":["post-26466","post","type-post","status-publish","format-image","has-post-thumbnail","hentry","category-deliberando","category-diario-armstrong","category-locales","category-politica","category-region","post_format-post-format-image"],"jetpack_publicize_connections":[],"jetpack_featured_media_url":"https:\/\/armstrongyregion.com.ar\/diario\/wp-content\/uploads\/2019\/10\/armstrong.jpg","jetpack_shortlink":"https:\/\/wp.me\/p62QDO-6SS","jetpack_sharing_enabled":true,"amp_enabled":true,"_links":{"self":[{"href":"https:\/\/armstrongyregion.com.ar\/diario\/wp-json\/wp\/v2\/posts\/26466","targetHints":{"allow":["GET"]}}],"collection":[{"href":"https:\/\/armstrongyregion.com.ar\/diario\/wp-json\/wp\/v2\/posts"}],"about":[{"href":"https:\/\/armstrongyregion.com.ar\/diario\/wp-json\/wp\/v2\/types\/post"}],"author":[{"embeddable":true,"href":"https:\/\/armstrongyregion.com.ar\/diario\/wp-json\/wp\/v2\/users\/1"}],"replies":[{"embeddable":true,"href":"https:\/\/armstrongyregion.com.ar\/diario\/wp-json\/wp\/v2\/comments?post=26466"}],"version-history":[{"count":1,"href":"https:\/\/armstrongyregion.com.ar\/diario\/wp-json\/wp\/v2\/posts\/26466\/revisions"}],"predecessor-version":[{"id":26467,"href":"https:\/\/armstrongyregion.com.ar\/diario\/wp-json\/wp\/v2\/posts\/26466\/revisions\/26467"}],"wp:featuredmedia":[{"embeddable":true,"href":"https:\/\/armstrongyregion.com.ar\/diario\/wp-json\/wp\/v2\/media\/23525"}],"wp:attachment":[{"href":"https:\/\/armstrongyregion.com.ar\/diario\/wp-json\/wp\/v2\/media?parent=26466"}],"wp:term":[{"taxonomy":"category","embeddable":true,"href":"https:\/\/armstrongyregion.com.ar\/diario\/wp-json\/wp\/v2\/categories?post=26466"},{"taxonomy":"post_tag","embeddable":true,"href":"https:\/\/armstrongyregion.com.ar\/diario\/wp-json\/wp\/v2\/tags?post=26466"}],"curies":[{"name":"wp","href":"https:\/\/api.w.org\/{rel}","templated":true}]}}